{"id":86829,"date":"2020-11-18T17:14:16","date_gmt":"2020-11-18T22:14:16","guid":{"rendered":"https:\/\/elinformanteperu.com\/?p=86829"},"modified":"2020-11-18T17:14:16","modified_gmt":"2020-11-18T22:14:16","slug":"tc-los-argumentos-a-favor-y-en-contra-de-la-demanda-sobre-vacancia","status":"publish","type":"post","link":"https:\/\/elinformanteperu.com\/index.php\/2020\/11\/18\/tc-los-argumentos-a-favor-y-en-contra-de-la-demanda-sobre-vacancia\/","title":{"rendered":"TC: los argumentos a favor y en contra de la demanda sobre vacancia"},"content":{"rendered":"<p><span style=\"color: #000000;\"><strong>Lima, 18 Noviembre 2020, (ANDINA).-<\/strong> El Tribunal Constitucional (TC) escuch\u00f3 los argumentos de los procuradores del Ejecutivo y el Congreso en torno a la demanda competencial sobre la vacancia presidencial por incapacidad moral permanente.<\/span><\/p>\n<p><span style=\"color: #000000;\">Vacancia no es mecanismo de sanci\u00f3n y debe limitarse a situaciones objetivas<\/span><\/p>\n<p><span style=\"color: #000000;\">El procurador Luis Huerta, en representaci\u00f3n del Ejecutivo, remarc\u00f3 que el objetivo de la demanda es que el TC precise y determine los alcances y fundamentos constitucionales de la vacancia.<\/span><\/p>\n<p><span style=\"color: #000000;\">Y a partir de ello, subray\u00f3, garantizar el ejercicio de competencias que la Constituci\u00f3n le reconoce al Ejecutivo para conducir al pa\u00eds, evitando que la vacancia sea usada de forma arbitraria.<\/span><\/p>\n<p><span style=\"color: #000000;\">La Constituci\u00f3n, explic\u00f3, le permite al Congreso constatar una situaci\u00f3n en que una persona no puede seguir dirigiendo la Presidencia, y no la interpretaci\u00f3n de esto.<\/span><\/p>\n<p><span style=\"color: #000000;\">\u00abLa vacancia, con las implicancias que tiene, no puede ser interpretada de manera amplia, sino restrictiva, sobre hechos concretos, objetivos. Pedimos un interpretaci\u00f3n restrictiva (&#8230;), lo que se busca en la Constituci\u00f3n es garantizar que el Ejecutivo cumpla su periodo de gobierno\u00bb, a\u00f1adi\u00f3.<\/span><\/p>\n<p><span style=\"color: #000000;\">Asimismo, dijo que la vacancia no puede ser un mecanismo de sanci\u00f3n al Ejecutivo ni para evaluar acciones, conductas u omisiones del Presidente y, por tanto, con la vacancia promovida por el Congreso hubo una violaci\u00f3n a la Constituci\u00f3n que corresponde ser reparada.<\/span><\/p>\n<p><strong><span style=\"color: #000000;\">Conflicto que origin\u00f3 la demanda ya no existe<\/span><\/strong><\/p>\n<p><span style=\"color: #000000;\">Por su parte, el procurador del Congreso, Manuel Pe\u00f1a, sostuvo que el TC est\u00e1 autorizado a resolver conflictos que est\u00e1n vigentes, y no para aquellos que no existen o han desaparecido en el proceso.<\/span><\/p>\n<p><span style=\"color: #000000;\">A la fecha, argument\u00f3, el conflicto que dio origen a la demanda competencial ha desaparecido, pues aquel pedido de vacancia fue desestimado por el pleno del Congreso.<\/span><\/p>\n<p><span style=\"color: #000000;\">\u00abLa demanda es improcedente, porque se dio la sustracci\u00f3n de la materia\u00bb, a\u00f1adi\u00f3.<\/span><\/p>\n<p><span style=\"color: #000000;\">La vacancia, agreg\u00f3, es competencia del Congreso de la Rep\u00fablica y este ha actuado conforme a la normatividad de la Constituci\u00f3n y el Reglamento del Parlamento.<\/span><\/p>\n","protected":false},"excerpt":{"rendered":"<p>Lima, 18 Noviembre 2020, (ANDINA).- El Tribunal Constitucional (TC) escuch\u00f3 los argumentos de los procuradores del Ejecutivo y el Congreso en torno a la demanda competencial sobre la vacancia presidencial por incapacidad moral permanente. Vacancia no es mecanismo de sanci\u00f3n y debe limitarse a situaciones objetivas El procurador Luis Huerta, en representaci\u00f3n del Ejecutivo, remarc\u00f3 [&hellip;]<\/p>\n","protected":false},"author":1,"featured_media":86830,"comment_status":"open","ping_status":"open","sticky":false,"template":"","format":"standard","meta":{"rop_custom_images_group":[],"rop_custom_messages_group":[],"rop_publish_now":"initial","rop_publish_now_accounts":[],"rop_publish_now_history":[],"rop_publish_now_status":"pending","footnotes":""},"categories":[5],"tags":[6217,1402,1401,4751],"class_list":["post-86829","post","type-post","status-publish","format-standard","has-post-thumbnail","hentry","category-actualidad-informativa","tag-crisis-vacancia","tag-tc","tag-tribunal-constitucional","tag-vacancia-vizcarra"],"_links":{"self":[{"href":"https:\/\/elinformanteperu.com\/index.php\/wp-json\/wp\/v2\/posts\/86829","targetHints":{"allow":["GET"]}}],"collection":[{"href":"https:\/\/elinformanteperu.com\/index.php\/wp-json\/wp\/v2\/posts"}],"about":[{"href":"https:\/\/elinformanteperu.com\/index.php\/wp-json\/wp\/v2\/types\/post"}],"author":[{"embeddable":true,"href":"https:\/\/elinformanteperu.com\/index.php\/wp-json\/wp\/v2\/users\/1"}],"replies":[{"embeddable":true,"href":"https:\/\/elinformanteperu.com\/index.php\/wp-json\/wp\/v2\/comments?post=86829"}],"version-history":[{"count":1,"href":"https:\/\/elinformanteperu.com\/index.php\/wp-json\/wp\/v2\/posts\/86829\/revisions"}],"predecessor-version":[{"id":86831,"href":"https:\/\/elinformanteperu.com\/index.php\/wp-json\/wp\/v2\/posts\/86829\/revisions\/86831"}],"wp:featuredmedia":[{"embeddable":true,"href":"https:\/\/elinformanteperu.com\/index.php\/wp-json\/wp\/v2\/media\/86830"}],"wp:attachment":[{"href":"https:\/\/elinformanteperu.com\/index.php\/wp-json\/wp\/v2\/media?parent=86829"}],"wp:term":[{"taxonomy":"category","embeddable":true,"href":"https:\/\/elinformanteperu.com\/index.php\/wp-json\/wp\/v2\/categories?post=86829"},{"taxonomy":"post_tag","embeddable":true,"href":"https:\/\/elinformanteperu.com\/index.php\/wp-json\/wp\/v2\/tags?post=86829"}],"curies":[{"name":"wp","href":"https:\/\/api.w.org\/{rel}","templated":true}]}}