{"id":86815,"date":"2020-11-18T00:01:34","date_gmt":"2020-11-18T05:01:34","guid":{"rendered":"https:\/\/elinformanteperu.com\/?p=86815"},"modified":"2020-11-18T00:01:34","modified_gmt":"2020-11-18T05:01:34","slug":"presidente-sagasti-hace-un-llamado-a-trabajar-unidos-y-dejar-los-rencores","status":"publish","type":"post","link":"https:\/\/elinformanteperu.com\/index.php\/2020\/11\/18\/presidente-sagasti-hace-un-llamado-a-trabajar-unidos-y-dejar-los-rencores\/","title":{"rendered":"Presidente Sagasti hace un llamado a trabajar unidos y dejar los rencores"},"content":{"rendered":"<p><span style=\"color: #000000;\"><strong>Lima, 17 Noviembre 2020, (ANDINA).-<\/strong> El Presidente de la Rep\u00fablica, Francisco Sagasti, hizo un llamado a la acci\u00f3n a todos los peruanos y a la clase pol\u00edtica para trabajar juntos y dejar de lado los rencores a fin de salir de la crisis actual.<\/span><\/p>\n<p><span style=\"color: #000000;\">Durante su discurso tras jurar al cargo, Sagasti se\u00f1al\u00f3 que, con muy honrosas excepciones, nuestra clase pol\u00edtica no ha estado a la altura y se ha enfrentado sin saberse escuchar para responder a las leg\u00edtimas aspiraciones de los peruanos, como las demandas de reconocimiento y dignidad, igualdad de trato y oportunidades para todos y todas.<\/span><\/p>\n<p><span style=\"color: #000000;\">\u00abDebemos, queridos compa\u00f1eros, remediar esto con sentido de urgencia, dejando de lado rencores y resentimientos, aceptando que es indispensable trabajar juntos y reconociendo que solo con humildad y generosidad podemos reiniciar la traves\u00eda por un camino que intuyeron los pr\u00f3ceres de la Independencia\u00bb, manifest\u00f3.<\/span><\/p>\n<p><span style=\"color: #000000;\">Resalt\u00f3 que ese camino debi\u00f3 llevarnos a fundar una Rep\u00fablica de ciudadanos iguales que reconozca identidades diversas y pluralistas, que tiene un prop\u00f3sito com\u00fan como es la libertad, el bienestar, la igualdad y prosperidad para todos y todas.<\/span><\/p>\n<p><span style=\"color: #000000;\">Sagasti dijo que es hora de tomar en serio la promesa de vida de la que hablaba el maestro Jorge Basadre: la promesa de vida republicana, que, lament\u00f3, \u00abhemos defraudado 200 a\u00f1os\u00bb.<\/span><\/p>\n<p><span style=\"color: #000000;\">En ese sentido, se\u00f1al\u00f3 que en los \u00faltimos a\u00f1os, y sobre todo en el \u00faltimo quinquenio, la pol\u00edtica ha sido muy destructiva y muchas veces los actores no han actuado como contendores o rivales, sino como enemigos irreconciliables.<\/span><\/p>\n<p><span style=\"color: #000000;\">Subray\u00f3 que la pol\u00edtica debe responder al esfuerzo de encontrar consensos o caminos compartidos.<\/span><\/p>\n","protected":false},"excerpt":{"rendered":"<p>Lima, 17 Noviembre 2020, (ANDINA).- El Presidente de la Rep\u00fablica, Francisco Sagasti, hizo un llamado a la acci\u00f3n a todos los peruanos y a la clase pol\u00edtica para trabajar juntos y dejar de lado los rencores a fin de salir de la crisis actual. Durante su discurso tras jurar al cargo, Sagasti se\u00f1al\u00f3 que, con [&hellip;]<\/p>\n","protected":false},"author":1,"featured_media":86816,"comment_status":"open","ping_status":"open","sticky":false,"template":"","format":"standard","meta":{"rop_custom_images_group":[],"rop_custom_messages_group":[],"rop_publish_now":"initial","rop_publish_now_accounts":[],"rop_publish_now_history":[],"rop_publish_now_status":"pending","footnotes":""},"categories":[5],"tags":[192,5263,1421,2013],"class_list":["post-86815","post","type-post","status-publish","format-standard","has-post-thumbnail","hentry","category-actualidad-informativa","tag-congreso","tag-francisco-sagasti","tag-poder-ejecutivo","tag-poder-legislativo"],"_links":{"self":[{"href":"https:\/\/elinformanteperu.com\/index.php\/wp-json\/wp\/v2\/posts\/86815","targetHints":{"allow":["GET"]}}],"collection":[{"href":"https:\/\/elinformanteperu.com\/index.php\/wp-json\/wp\/v2\/posts"}],"about":[{"href":"https:\/\/elinformanteperu.com\/index.php\/wp-json\/wp\/v2\/types\/post"}],"author":[{"embeddable":true,"href":"https:\/\/elinformanteperu.com\/index.php\/wp-json\/wp\/v2\/users\/1"}],"replies":[{"embeddable":true,"href":"https:\/\/elinformanteperu.com\/index.php\/wp-json\/wp\/v2\/comments?post=86815"}],"version-history":[{"count":1,"href":"https:\/\/elinformanteperu.com\/index.php\/wp-json\/wp\/v2\/posts\/86815\/revisions"}],"predecessor-version":[{"id":86817,"href":"https:\/\/elinformanteperu.com\/index.php\/wp-json\/wp\/v2\/posts\/86815\/revisions\/86817"}],"wp:featuredmedia":[{"embeddable":true,"href":"https:\/\/elinformanteperu.com\/index.php\/wp-json\/wp\/v2\/media\/86816"}],"wp:attachment":[{"href":"https:\/\/elinformanteperu.com\/index.php\/wp-json\/wp\/v2\/media?parent=86815"}],"wp:term":[{"taxonomy":"category","embeddable":true,"href":"https:\/\/elinformanteperu.com\/index.php\/wp-json\/wp\/v2\/categories?post=86815"},{"taxonomy":"post_tag","embeddable":true,"href":"https:\/\/elinformanteperu.com\/index.php\/wp-json\/wp\/v2\/tags?post=86815"}],"curies":[{"name":"wp","href":"https:\/\/api.w.org\/{rel}","templated":true}]}}