{"id":86747,"date":"2020-11-17T18:26:50","date_gmt":"2020-11-17T23:26:50","guid":{"rendered":"https:\/\/elinformanteperu.com\/?p=86747"},"modified":"2020-11-17T18:26:50","modified_gmt":"2020-11-17T23:26:50","slug":"jovenes-heridos-en-marcha-de-la-democracia-requieren-ayuda-economica","status":"publish","type":"post","link":"https:\/\/elinformanteperu.com\/index.php\/2020\/11\/17\/jovenes-heridos-en-marcha-de-la-democracia-requieren-ayuda-economica\/","title":{"rendered":"J\u00f3venes heridos en marcha de la democracia requieren ayuda econ\u00f3mica"},"content":{"rendered":"<p><strong><span style=\"color: #000000;\">Permanecen internados en diversos hospitales de la ciudad por impacto de perdigones y balas en el cuerpo<\/span><\/strong><\/p>\n<p><span style=\"color: #000000;\"><strong>Lima, 17 Noviembre 2020, (ANDINA).-<\/strong> Numerosos j\u00f3venes que participaron este fin de semana en la denominada Marcha de la Democracia se encuentran internados en diversos hospitales de la ciudad y requieren apoyo econ\u00f3mico para solventar el tratamiento que les permita recuperarse del ataque sufrido durante la protesta.<\/span><\/p>\n<p><span style=\"color: #000000;\">Uno de ellos es Jon Abel Cordero Morales (24 a\u00f1os) herido por un perdig\u00f3n en la espalda que ha comprometido su m\u00e9dula espinal. \u00c9l se encuentra internado en el Hospital Nacional Arzobispo Loayza. <\/span><br \/>\n<span style=\"color: #000000;\">Su madre Ver\u00f3nica Morales (DNI 08880840), coment\u00f3 que los m\u00e9dicos pronostican que podr\u00eda quedar inv\u00e1lido debido a las lesiones sufridas.<\/span><\/p>\n<p><span style=\"color: #000000;\">Ella ha puesto a disposici\u00f3n de la comunidad las siguientes cuentas: BCP en soles 191-00902893-0-11, en d\u00f3lares: 191-00902988-1-07. Se suman las cuentas de sus primas en Scotiabank: 185 0062504, a nombre de Elizabeth Pezzia Miranda y en BCP la cuenta de ahorros: 19334111294051, a nombre de Pedro Ylasaca Mej\u00eda. Para los que tengan Yape pueden hacer un dep\u00f3sito al n\u00famero 914409807 a nombre de Nancy Pezzia Miranda.<\/span><\/p>\n<p><span style=\"color: #000000;\">Otro joven que requiere apoyo es Lucio Su\u00e1rez Valle, quien se encuentra internado en el Hospital Casimiro Ulloa. La solicitud de ayuda la hizo el magistrado del Tribunal Constitucional Eloy Espinoza Salda\u00f1a, quien en diversos espacios televisivos coment\u00f3 que se trataba de un alumno del curso de derecho ambiental.<\/span><\/p>\n<p><span style=\"color: #000000;\">Coment\u00f3 que ya le extrajeron perdigones del brazo y la pierna, pero a\u00fan tienen alojados 3 perdigones en el cerebro y otro en el t\u00f3rax. Los interesados pueden contactarse con Alejandro Su\u00e1rez Valle, su hermano, al n\u00famero 967-383-533. Los que deseen alg\u00fan donativo pueden hacerlo a la cuenta del Banco Continental 0011-0872-0200211946, CCI: 011-872-000200211946-95<\/span><\/p>\n<p><span style=\"color: #000000;\">Impacto en abdomen<\/span><\/p>\n<p><span style=\"color: #000000;\">Percy Shapiama se encuentra en una Unidad de Cuidados Intensivos del Hospital Almenara. Su mam\u00e1 ya viaj\u00f3 de Tarapoto a Lima y se encuentra con \u00e9l. Su estado es reservado por el impacto de arma en el abdomen.<\/span><\/p>\n<p><span style=\"color: #000000;\">Su madre es Elgi Loyli Shapiama Taricuarima y tiene las siguientes cuentas: BCP: 19400895950098, CCI: 00219410089595009896 y el Yape: 928174481<\/span><\/p>\n<p><span style=\"color: #000000;\">Alex Flores Laura fue impactado por bomba lacrim\u00f3gena en el ojo derecho y tiene riesgo de perderlo. Es estudiante de Ciencias Biol\u00f3gicas de la Universidad Nacional Mayor de San Marcos.<\/span><\/p>\n<p><span style=\"color: #000000;\">Los interesados en apoyarlo pueden hacerlo a la cuenta BCP 191-97554870-070 a nombre de Jessica Flores Laura o a la cuenta del Banco de la Naci\u00f3n 04-019606479 a nombre de Jes\u00fas Flores Crist\u00f3bal.<\/span><\/p>\n<p><span style=\"color: #000000;\">Yoel Maylle Cabia, alumno de la Escuela Profesional Conservaci\u00f3n y Restauraci\u00f3n de la Universidad Mayor de San Marcos, est\u00e1 internado en el Hospital Arzobispo Loayza por conmoci\u00f3n cerebral.<\/span><\/p>\n<p><span style=\"color: #000000;\">Su familia requiere apoyo y tiene estas cuentas Scotiabank: 824-0897408, CCI: 009-724-208240897408-63 a nombre de Rut Arely Maylle Cabia y la cuenta del Banco de la Naci\u00f3n: 04-334-051841<\/span><\/p>\n<p><span style=\"color: #000000;\">Albert Yosemir \u00d1ahui P\u00e9rez, de 22 a\u00f1os, es otro joven que se encuentra en una Unidad de Cuidados Intensivos de Hospital Almenara. Tiene el cr\u00e1neo perforado, ha perdido el ojo izquierdo y tiene comprometida gran parte de la cabeza.<\/span><\/p>\n<p><span style=\"color: #000000;\">Quienes quieran apoyar a su familia pueden hacerlo a la cuenta del Banco de la Naci\u00f3n 04408344870, CCI 01840800440834487052 a nombre de Frine P\u00e9rez Sabroso, mam\u00e1 del joven con el DNI 28599890.<\/span><\/p>\n<p><span style=\"color: #000000;\">En este enlace de Twitter pueden encontrar los nombres de m\u00e1s personas heridas durante la marcha, quienes requieren ayuda econ\u00f3mica para solventar los diversos gastos que demandan su atenci\u00f3n y rehabilitaci\u00f3n.<\/span><\/p>\n<blockquote class=\"twitter-tweet\">\n<p dir=\"ltr\" lang=\"es\">Abrir\u00e9 un hilo con las cuentas verificadas de los familiares de heridos o fallecidos para poder ayudarlos.<br \/>\n1. Jon Cordero (herido en la m\u00e9dula por perdigones).<br \/>\nAqu\u00ed el video de la mam\u00e1: <a href=\"https:\/\/t.co\/0eLpQBBdJn\">https:\/\/t.co\/0eLpQBBdJn<\/a><\/p>\n<p>\u2014 Vane (@neyka) <a href=\"https:\/\/twitter.com\/neyka\/status\/1328158364057133056?ref_src=twsrc%5Etfw\">November 16, 2020<\/a><\/p><\/blockquote>\n<p><script async src=\"https:\/\/platform.twitter.com\/widgets.js\" charset=\"utf-8\"><\/script><\/p>\n","protected":false},"excerpt":{"rendered":"<p>Permanecen internados en diversos hospitales de la ciudad por impacto de perdigones y balas en el cuerpo Lima, 17 Noviembre 2020, (ANDINA).- Numerosos j\u00f3venes que participaron este fin de semana en la denominada Marcha de la Democracia se encuentran internados en diversos hospitales de la ciudad y requieren apoyo econ\u00f3mico para solventar el tratamiento que [&hellip;]<\/p>\n","protected":false},"author":1,"featured_media":86748,"comment_status":"open","ping_status":"open","sticky":false,"template":"","format":"standard","meta":{"rop_custom_images_group":[],"rop_custom_messages_group":[],"rop_publish_now":"initial","rop_publish_now_accounts":[],"rop_publish_now_history":[],"rop_publish_now_status":"pending","footnotes":""},"categories":[10],"tags":[],"class_list":["post-86747","post","type-post","status-publish","format-standard","has-post-thumbnail","hentry","category-actualidad-municipal"],"_links":{"self":[{"href":"https:\/\/elinformanteperu.com\/index.php\/wp-json\/wp\/v2\/posts\/86747","targetHints":{"allow":["GET"]}}],"collection":[{"href":"https:\/\/elinformanteperu.com\/index.php\/wp-json\/wp\/v2\/posts"}],"about":[{"href":"https:\/\/elinformanteperu.com\/index.php\/wp-json\/wp\/v2\/types\/post"}],"author":[{"embeddable":true,"href":"https:\/\/elinformanteperu.com\/index.php\/wp-json\/wp\/v2\/users\/1"}],"replies":[{"embeddable":true,"href":"https:\/\/elinformanteperu.com\/index.php\/wp-json\/wp\/v2\/comments?post=86747"}],"version-history":[{"count":1,"href":"https:\/\/elinformanteperu.com\/index.php\/wp-json\/wp\/v2\/posts\/86747\/revisions"}],"predecessor-version":[{"id":86749,"href":"https:\/\/elinformanteperu.com\/index.php\/wp-json\/wp\/v2\/posts\/86747\/revisions\/86749"}],"wp:featuredmedia":[{"embeddable":true,"href":"https:\/\/elinformanteperu.com\/index.php\/wp-json\/wp\/v2\/media\/86748"}],"wp:attachment":[{"href":"https:\/\/elinformanteperu.com\/index.php\/wp-json\/wp\/v2\/media?parent=86747"}],"wp:term":[{"taxonomy":"category","embeddable":true,"href":"https:\/\/elinformanteperu.com\/index.php\/wp-json\/wp\/v2\/categories?post=86747"},{"taxonomy":"post_tag","embeddable":true,"href":"https:\/\/elinformanteperu.com\/index.php\/wp-json\/wp\/v2\/tags?post=86747"}],"curies":[{"name":"wp","href":"https:\/\/api.w.org\/{rel}","templated":true}]}}