{"id":86527,"date":"2020-11-13T00:10:52","date_gmt":"2020-11-13T05:10:52","guid":{"rendered":"https:\/\/elinformanteperu.com\/?p=86527"},"modified":"2020-11-13T00:10:52","modified_gmt":"2020-11-13T05:10:52","slug":"antero-flores-araoz-este-es-un-gobierno-transitorio","status":"publish","type":"post","link":"https:\/\/elinformanteperu.com\/index.php\/2020\/11\/13\/antero-flores-araoz-este-es-un-gobierno-transitorio\/","title":{"rendered":"\u00c1ntero Flores-Ar\u00e1oz: Este es un gobierno transitorio"},"content":{"rendered":"<p><span style=\"color: #000000;\"><strong>Lima, 12 Noviembre 2020, (ANDINA).-<\/strong> El jefe del Gabinete Ministerial, \u00c1ntero Flores-Ar\u00e1oz, se\u00f1al\u00f3 que es parte de un gobierno transitorio y cumplir\u00e1 lo que dice la Constituci\u00f3n Pol\u00edtica del Per\u00fa.<\/span><\/p>\n<p><span style=\"color: #000000;\">En ese sentido, destac\u00f3 que hoy en Consejo de Ministros se emiti\u00f3 un decreto supremo en el que se ratifica que la fecha de las pr\u00f3ximas elecciones generales se realizar\u00e1 el 11 de abril de 2021.<\/span><\/p>\n<p><span style=\"color: #000000;\">\u201cLo que preocupaba a mucha a gente era c\u00f3mo se llevar\u00e1 el proceso de elecciones. Hoy, con voto aprobatorio del Consejo de Ministros, hemos emitido un decreto supremo ratificando la convocatoria de elecciones, porque este es un gobierno transitorio\u201d, declar\u00f3 en ATV.<\/span><\/p>\n<p><span style=\"color: #000000;\">Al ser consultado sobre un posible indulto al interno Antauro Humala, sostuvo que no est\u00e1 a favor de indultar a \u201cun criminal\u201d.<\/span><\/p>\n<p><span style=\"color: #000000;\">\u201cYo personalmente a un criminal no, absolutamente. No me quedo en el gabinete si eso pasa. Soy cumplidor de la Constituci\u00f3n y ah\u00ed dice que hay que cumplir las sentencias\u201d, precis\u00f3.<\/span><\/p>\n<p><span style=\"color: #000000;\">En otro momento, refiri\u00f3 que el ministro de Econom\u00eda y Finanzas, Jos\u00e9 Arista, evaluar\u00e1 la aut\u00f3grafa de ley que faculta el retiro de hasta S\/ 17,200 de los fondos de los exaportantes de las administradoras de fondos de pensiones (AFP), en el contexto de la pandemia covid-19.<\/span><\/p>\n<p><span style=\"color: #000000;\">Tambi\u00e9n manifest\u00f3 que se debe hacer un estudio sobre el tema del retiro de aportes de la Oficina de Normalizaci\u00f3n Previsional (ONP).<\/span><\/p>\n<p><span style=\"color: #000000;\">Asimismo, dijo que esperar que las manifestaciones de hoy se desarrollen en forma pac\u00edfica y remarc\u00f3 tiene la disposici\u00f3n para reunirse con una comisi\u00f3n de los j\u00f3venes para conversar sobre sus puntos de vista.<\/span><\/p>\n","protected":false},"excerpt":{"rendered":"<p>Lima, 12 Noviembre 2020, (ANDINA).- El jefe del Gabinete Ministerial, \u00c1ntero Flores-Ar\u00e1oz, se\u00f1al\u00f3 que es parte de un gobierno transitorio y cumplir\u00e1 lo que dice la Constituci\u00f3n Pol\u00edtica del Per\u00fa. En ese sentido, destac\u00f3 que hoy en Consejo de Ministros se emiti\u00f3 un decreto supremo en el que se ratifica que la fecha de las [&hellip;]<\/p>\n","protected":false},"author":1,"featured_media":86463,"comment_status":"open","ping_status":"open","sticky":false,"template":"","format":"standard","meta":{"rop_custom_images_group":[],"rop_custom_messages_group":[],"rop_publish_now":"initial","rop_publish_now_accounts":[],"rop_publish_now_history":[],"rop_publish_now_status":"pending","footnotes":""},"categories":[5],"tags":[6208,189,2317],"class_list":["post-86527","post","type-post","status-publish","format-standard","has-post-thumbnail","hentry","category-actualidad-informativa","tag-antero-flores-araoz","tag-pcm","tag-presidencia-del-consejo-de-ministros"],"_links":{"self":[{"href":"https:\/\/elinformanteperu.com\/index.php\/wp-json\/wp\/v2\/posts\/86527","targetHints":{"allow":["GET"]}}],"collection":[{"href":"https:\/\/elinformanteperu.com\/index.php\/wp-json\/wp\/v2\/posts"}],"about":[{"href":"https:\/\/elinformanteperu.com\/index.php\/wp-json\/wp\/v2\/types\/post"}],"author":[{"embeddable":true,"href":"https:\/\/elinformanteperu.com\/index.php\/wp-json\/wp\/v2\/users\/1"}],"replies":[{"embeddable":true,"href":"https:\/\/elinformanteperu.com\/index.php\/wp-json\/wp\/v2\/comments?post=86527"}],"version-history":[{"count":1,"href":"https:\/\/elinformanteperu.com\/index.php\/wp-json\/wp\/v2\/posts\/86527\/revisions"}],"predecessor-version":[{"id":86528,"href":"https:\/\/elinformanteperu.com\/index.php\/wp-json\/wp\/v2\/posts\/86527\/revisions\/86528"}],"wp:featuredmedia":[{"embeddable":true,"href":"https:\/\/elinformanteperu.com\/index.php\/wp-json\/wp\/v2\/media\/86463"}],"wp:attachment":[{"href":"https:\/\/elinformanteperu.com\/index.php\/wp-json\/wp\/v2\/media?parent=86527"}],"wp:term":[{"taxonomy":"category","embeddable":true,"href":"https:\/\/elinformanteperu.com\/index.php\/wp-json\/wp\/v2\/categories?post=86527"},{"taxonomy":"post_tag","embeddable":true,"href":"https:\/\/elinformanteperu.com\/index.php\/wp-json\/wp\/v2\/tags?post=86527"}],"curies":[{"name":"wp","href":"https:\/\/api.w.org\/{rel}","templated":true}]}}