{"id":86524,"date":"2020-11-13T00:07:56","date_gmt":"2020-11-13T05:07:56","guid":{"rendered":"https:\/\/elinformanteperu.com\/?p=86524"},"modified":"2020-11-13T00:07:56","modified_gmt":"2020-11-13T05:07:56","slug":"estos-son-los-ministros-del-gabinete-que-encabeza-antero-flores-araoz","status":"publish","type":"post","link":"https:\/\/elinformanteperu.com\/index.php\/2020\/11\/13\/estos-son-los-ministros-del-gabinete-que-encabeza-antero-flores-araoz\/","title":{"rendered":"Estos son los ministros del Gabinete que encabeza \u00c1ntero Flores-Ar\u00e1oz"},"content":{"rendered":"<p><span style=\"color: #000000;\"><strong>Lima, 12 Noviembre 2020, (ANDINA).-<\/strong> El presidente Manuel Merino de Lama tom\u00f3 juramento al Gabinete Ministerial que encabeza \u00c1ntero Flores-Ar\u00e1oz, en una ceremonia llevada a cabo en el Patio de Honor del Palacio de Gobierno. Estos son los nuevos ministros.<\/span><\/p>\n<p><span style=\"color: #000000;\"><strong>1. Relaciones Exteriores<\/strong> <\/span><br \/>\n<span style=\"color: #000000;\">&#8211; Franca Deza<\/span><\/p>\n<p><span style=\"color: #000000;\"><strong>2. Defensa<\/strong> <\/span><br \/>\n<span style=\"color: #000000;\">&#8211; Walter Ch\u00e1vez Cruz<\/span><\/p>\n<p><span style=\"color: #000000;\"><strong>3. Econom\u00eda y Finanzas<\/strong> <\/span><br \/>\n<span style=\"color: #000000;\">&#8211; Jos\u00e9 Arista<\/span><\/p>\n<p><span style=\"color: #000000;\"><strong>4. Interior<\/strong> <\/span><br \/>\n<span style=\"color: #000000;\">&#8211; Gast\u00f3n Rodr\u00edguez<\/span><\/p>\n<p><span style=\"color: #000000;\"><strong>5. Justicia y Derechos Humanos<\/strong> <\/span><br \/>\n<span style=\"color: #000000;\">&#8211; Delia Mu\u00f1oz<\/span><\/p>\n<p><span style=\"color: #000000;\"><strong>6. Salud<\/strong> <\/span><br \/>\n<span style=\"color: #000000;\">&#8211; Abel Salinas<\/span><\/p>\n<p><span style=\"color: #000000;\"><strong>7. Trabajo y Promoci\u00f3n del Empleo<\/strong> <\/span><br \/>\n<span style=\"color: #000000;\">&#8211; Juan Sheput<\/span><\/p>\n<p><span style=\"color: #000000;\"><strong>8. Agricultura y Riego<\/strong> <\/span><br \/>\n<span style=\"color: #000000;\">&#8211; Fernando Hurtado Pascual<\/span><\/p>\n<p><span style=\"color: #000000;\"><strong>9. Producci\u00f3n<\/strong> <\/span><br \/>\n<span style=\"color: #000000;\">&#8211; Alfonso Miranda<\/span><\/p>\n<p><span style=\"color: #000000;\"><strong>10. Comercio Exterior y Turismo<\/strong> <\/span><br \/>\n<span style=\"color: #000000;\">&#8211; Mar\u00eda Seminario<\/span><\/p>\n<p><span style=\"color: #000000;\"><strong>11. Transportes y Comunicaciones<\/strong> <\/span><br \/>\n<span style=\"color: #000000;\">&#8211; Augusto Valqui<\/span><\/p>\n<p><span style=\"color: #000000;\"><strong>12. Energ\u00eda y Minas<\/strong> <\/span><br \/>\n<span style=\"color: #000000;\">&#8211; Carlos Herrera Descalzi<\/span><\/p>\n<p><span style=\"color: #000000;\"><strong>13. Vivienda, Construcci\u00f3n y Saneamiento<\/strong> <\/span><br \/>\n<span style=\"color: #000000;\">&#8211; Hilda Sandoval Cornejo<\/span><\/p>\n<p><span style=\"color: #000000;\"><strong>14. Educaci\u00f3n<\/strong> <\/span><br \/>\n<span style=\"color: #000000;\">&#8211; Fernando D&#8217;Alessio<\/span><\/p>\n<p><span style=\"color: #000000;\"><strong>15. Mujer y Poblaciones Vulnerables<\/strong> <\/span><br \/>\n<span style=\"color: #000000;\">&#8211; Patricia Teullet<\/span><\/p>\n<p><span style=\"color: #000000;\"><strong>16. Desarrollo e Inclusi\u00f3n Social<\/strong> <\/span><br \/>\n<span style=\"color: #000000;\">&#8211; Federico Tong<\/span><\/p>\n<p><span style=\"color: #000000;\"><strong>17. Ambiente<\/strong> <\/span><br \/>\n<span style=\"color: #000000;\">&#8211; Lizzet Rojas<\/span><\/p>\n<p><span style=\"color: #000000;\"><strong>18. Cultura<\/strong> <\/span><br \/>\n<span style=\"color: #000000;\">&#8211; Mar\u00eda del Carmen de Reparaz.<\/span><\/p>\n","protected":false},"excerpt":{"rendered":"<p>Lima, 12 Noviembre 2020, (ANDINA).- El presidente Manuel Merino de Lama tom\u00f3 juramento al Gabinete Ministerial que encabeza \u00c1ntero Flores-Ar\u00e1oz, en una ceremonia llevada a cabo en el Patio de Honor del Palacio de Gobierno. Estos son los nuevos ministros. 1. Relaciones Exteriores &#8211; Franca Deza 2. Defensa &#8211; Walter Ch\u00e1vez Cruz 3. Econom\u00eda y [&hellip;]<\/p>\n","protected":false},"author":1,"featured_media":86525,"comment_status":"open","ping_status":"open","sticky":false,"template":"","format":"standard","meta":{"rop_custom_images_group":[],"rop_custom_messages_group":[],"rop_publish_now":"initial","rop_publish_now_accounts":[],"rop_publish_now_history":[],"rop_publish_now_status":"pending","footnotes":""},"categories":[5],"tags":[6208,5299,1421],"class_list":["post-86524","post","type-post","status-publish","format-standard","has-post-thumbnail","hentry","category-actualidad-informativa","tag-antero-flores-araoz","tag-manuel-merino-de-lama","tag-poder-ejecutivo"],"_links":{"self":[{"href":"https:\/\/elinformanteperu.com\/index.php\/wp-json\/wp\/v2\/posts\/86524","targetHints":{"allow":["GET"]}}],"collection":[{"href":"https:\/\/elinformanteperu.com\/index.php\/wp-json\/wp\/v2\/posts"}],"about":[{"href":"https:\/\/elinformanteperu.com\/index.php\/wp-json\/wp\/v2\/types\/post"}],"author":[{"embeddable":true,"href":"https:\/\/elinformanteperu.com\/index.php\/wp-json\/wp\/v2\/users\/1"}],"replies":[{"embeddable":true,"href":"https:\/\/elinformanteperu.com\/index.php\/wp-json\/wp\/v2\/comments?post=86524"}],"version-history":[{"count":1,"href":"https:\/\/elinformanteperu.com\/index.php\/wp-json\/wp\/v2\/posts\/86524\/revisions"}],"predecessor-version":[{"id":86526,"href":"https:\/\/elinformanteperu.com\/index.php\/wp-json\/wp\/v2\/posts\/86524\/revisions\/86526"}],"wp:featuredmedia":[{"embeddable":true,"href":"https:\/\/elinformanteperu.com\/index.php\/wp-json\/wp\/v2\/media\/86525"}],"wp:attachment":[{"href":"https:\/\/elinformanteperu.com\/index.php\/wp-json\/wp\/v2\/media?parent=86524"}],"wp:term":[{"taxonomy":"category","embeddable":true,"href":"https:\/\/elinformanteperu.com\/index.php\/wp-json\/wp\/v2\/categories?post=86524"},{"taxonomy":"post_tag","embeddable":true,"href":"https:\/\/elinformanteperu.com\/index.php\/wp-json\/wp\/v2\/tags?post=86524"}],"curies":[{"name":"wp","href":"https:\/\/api.w.org\/{rel}","templated":true}]}}