{"id":86518,"date":"2020-11-12T23:54:18","date_gmt":"2020-11-13T04:54:18","guid":{"rendered":"https:\/\/elinformanteperu.com\/?p=86518"},"modified":"2020-11-12T23:54:18","modified_gmt":"2020-11-13T04:54:18","slug":"hilda-sandoval-cornejo-jura-como-ministra-de-vivienda","status":"publish","type":"post","link":"https:\/\/elinformanteperu.com\/index.php\/2020\/11\/12\/hilda-sandoval-cornejo-jura-como-ministra-de-vivienda\/","title":{"rendered":"Hilda Sandoval Cornejo jura como ministra de Vivienda"},"content":{"rendered":"<p><span style=\"color: #000000;\"><strong>Lima, 12 Noviembre 2020, (ANDINA).-<\/strong> Hilda Sandoval Cornejo jura como titular del Ministerio de Vivienda, Construcci\u00f3n y Saneamiento, en ceremonia que se desarrolla en Palacio de Gobierno y lidera el presidente de la Rep\u00fablica, Manuel Merino de Lama.<\/span><\/p>\n<p><span style=\"color: #000000;\">El acto de juramentaci\u00f3n del Gabinete Ministerial, encabezado por \u00c1ntero Flores-Ar\u00e1oz, se efectu\u00f3 en el Patio de Honor de la sede del Poder Ejecutivo.<\/span><\/p>\n<p><span style=\"color: #000000;\">Flores-Ar\u00e1oz afirm\u00f3 ayer que el Gobierno y el Gabinete Ministerial ser\u00e1n absolutamente neutrales.<\/span><\/p>\n<p><span style=\"color: #000000;\">Adem\u00e1s, se\u00f1al\u00f3 que la seguridad ciudadana, la pandemia, el tema econ\u00f3mico y la b\u00fasqueda de empleo ser\u00e1n los asuntos prioritarios en su gesti\u00f3n, junto con las elecciones convocadas para abril del 2021, a fin de entregar la administraci\u00f3n del pa\u00eds a quien salga elegido.<\/span><\/p>\n","protected":false},"excerpt":{"rendered":"<p>Lima, 12 Noviembre 2020, (ANDINA).- Hilda Sandoval Cornejo jura como titular del Ministerio de Vivienda, Construcci\u00f3n y Saneamiento, en ceremonia que se desarrolla en Palacio de Gobierno y lidera el presidente de la Rep\u00fablica, Manuel Merino de Lama. El acto de juramentaci\u00f3n del Gabinete Ministerial, encabezado por \u00c1ntero Flores-Ar\u00e1oz, se efectu\u00f3 en el Patio de [&hellip;]<\/p>\n","protected":false},"author":1,"featured_media":86519,"comment_status":"open","ping_status":"open","sticky":false,"template":"","format":"standard","meta":{"rop_custom_images_group":[],"rop_custom_messages_group":[],"rop_publish_now":"initial","rop_publish_now_accounts":[],"rop_publish_now_history":[],"rop_publish_now_status":"pending","footnotes":""},"categories":[5],"tags":[6214,1557],"class_list":["post-86518","post","type-post","status-publish","format-standard","has-post-thumbnail","hentry","category-actualidad-informativa","tag-hilda-sandoval-cornejo","tag-ministerio-de-vivienda"],"_links":{"self":[{"href":"https:\/\/elinformanteperu.com\/index.php\/wp-json\/wp\/v2\/posts\/86518","targetHints":{"allow":["GET"]}}],"collection":[{"href":"https:\/\/elinformanteperu.com\/index.php\/wp-json\/wp\/v2\/posts"}],"about":[{"href":"https:\/\/elinformanteperu.com\/index.php\/wp-json\/wp\/v2\/types\/post"}],"author":[{"embeddable":true,"href":"https:\/\/elinformanteperu.com\/index.php\/wp-json\/wp\/v2\/users\/1"}],"replies":[{"embeddable":true,"href":"https:\/\/elinformanteperu.com\/index.php\/wp-json\/wp\/v2\/comments?post=86518"}],"version-history":[{"count":1,"href":"https:\/\/elinformanteperu.com\/index.php\/wp-json\/wp\/v2\/posts\/86518\/revisions"}],"predecessor-version":[{"id":86520,"href":"https:\/\/elinformanteperu.com\/index.php\/wp-json\/wp\/v2\/posts\/86518\/revisions\/86520"}],"wp:featuredmedia":[{"embeddable":true,"href":"https:\/\/elinformanteperu.com\/index.php\/wp-json\/wp\/v2\/media\/86519"}],"wp:attachment":[{"href":"https:\/\/elinformanteperu.com\/index.php\/wp-json\/wp\/v2\/media?parent=86518"}],"wp:term":[{"taxonomy":"category","embeddable":true,"href":"https:\/\/elinformanteperu.com\/index.php\/wp-json\/wp\/v2\/categories?post=86518"},{"taxonomy":"post_tag","embeddable":true,"href":"https:\/\/elinformanteperu.com\/index.php\/wp-json\/wp\/v2\/tags?post=86518"}],"curies":[{"name":"wp","href":"https:\/\/api.w.org\/{rel}","templated":true}]}}