{"id":86331,"date":"2020-11-10T09:33:52","date_gmt":"2020-11-10T14:33:52","guid":{"rendered":"https:\/\/elinformanteperu.com\/?p=86331"},"modified":"2020-11-10T09:57:01","modified_gmt":"2020-11-10T14:57:01","slug":"aceptan-renuncia-del-gabinete-ministerial-presidido-por-walter-martos","status":"publish","type":"post","link":"https:\/\/elinformanteperu.com\/index.php\/2020\/11\/10\/aceptan-renuncia-del-gabinete-ministerial-presidido-por-walter-martos\/","title":{"rendered":"Aceptan renuncia del Gabinete Ministerial presidido por Walter Martos"},"content":{"rendered":"<p><span style=\"color: #000000;\"><strong>Lima, 10 Noviembre 2020, (ANDINA).-<\/strong> El Poder Ejecutivo acept\u00f3 la renuncia del Gabinete Ministerial en pleno presidido por Walter Martos.<\/span><\/p>\n<p><span style=\"color: #000000;\">Las resoluciones supremas, publicadas en el bolet\u00edn de Normas Legales del Diario Oficial El Peruano, indica que se le otorga las gracias por los servicios prestados a la Naci\u00f3n a cada uno de los ministros de sector.<\/span><\/p>\n<p><span style=\"color: #000000;\">As\u00ed, se acepta la renuncia del presidente del Consejo de Ministros, Walter Martos y de los ministros de Relaciones Exteriores, Mario L\u00f3pez; de Defensa, Jorge Ch\u00e1vez; de Econom\u00eda y Finanzas; Mar\u00eda Antonieta Alva; y del Interior, C\u00e9sar Gentille.<\/span><\/p>\n<p><span style=\"color: #000000;\">Asimismo, de la titular de Justicia y Derechos Humanos, Ana Neyra; de Educaci\u00f3n, Mart\u00edn Benavides; de Salud, Pilar Mazzetti; de Agricultura y Riego; Jorge Montenegro; y de Trabajo y Promoci\u00f3n de Empleo, Javier Palacios.<\/span><\/p>\n<p><span style=\"color: #000000;\">Adem\u00e1s, de los ministros de Producci\u00f3n, Jos\u00e9 Salardi; de Comercio Exterior y Turismo, Roc\u00edo Barrios; de Energ\u00eda y Minas, Luis Inchaustegui; de Transportes y Comunicaciones, Carlos Estremadoyro.<\/span><\/p>\n<p><span style=\"color: #000000;\">Igualmente, de los titulares de Vivienda, Construcci\u00f3n y Saneamiento, Carlos Lozada; de la Mujer y Poblaciones Vulnerables, Rosario Sasieta; de Ambiente, Kirla Echegaray; Cultura, Alejandro Neyra; y Desarrollo e Inclusi\u00f3n Social, Patricia Donayre.<\/span><\/p>\n<p><span style=\"color: #000000;\">A trav\u00e9s de otra resoluci\u00f3n suprema tambi\u00e9n se acepta la renuncia de \u00darsula Desil\u00fa Le\u00f3n, al cargo de secretaria general de la Presidencia del Consejo de Ministros, d\u00e1ndosele las gracias por los servicios prestados.<\/span><\/p>\n","protected":false},"excerpt":{"rendered":"<p>Lima, 10 Noviembre 2020, (ANDINA).- El Poder Ejecutivo acept\u00f3 la renuncia del Gabinete Ministerial en pleno presidido por Walter Martos. Las resoluciones supremas, publicadas en el bolet\u00edn de Normas Legales del Diario Oficial El Peruano, indica que se le otorga las gracias por los servicios prestados a la Naci\u00f3n a cada uno de los ministros [&hellip;]<\/p>\n","protected":false},"author":1,"featured_media":57994,"comment_status":"open","ping_status":"open","sticky":false,"template":"","format":"standard","meta":{"rop_custom_images_group":[],"rop_custom_messages_group":[],"rop_publish_now":"initial","rop_publish_now_accounts":[],"rop_publish_now_history":[],"rop_publish_now_status":"pending","footnotes":""},"categories":[5,5745],"tags":[1421,4751],"class_list":["post-86331","post","type-post","status-publish","format-standard","has-post-thumbnail","hentry","category-actualidad-informativa","category-lo-ultimo","tag-poder-ejecutivo","tag-vacancia-vizcarra"],"_links":{"self":[{"href":"https:\/\/elinformanteperu.com\/index.php\/wp-json\/wp\/v2\/posts\/86331","targetHints":{"allow":["GET"]}}],"collection":[{"href":"https:\/\/elinformanteperu.com\/index.php\/wp-json\/wp\/v2\/posts"}],"about":[{"href":"https:\/\/elinformanteperu.com\/index.php\/wp-json\/wp\/v2\/types\/post"}],"author":[{"embeddable":true,"href":"https:\/\/elinformanteperu.com\/index.php\/wp-json\/wp\/v2\/users\/1"}],"replies":[{"embeddable":true,"href":"https:\/\/elinformanteperu.com\/index.php\/wp-json\/wp\/v2\/comments?post=86331"}],"version-history":[{"count":1,"href":"https:\/\/elinformanteperu.com\/index.php\/wp-json\/wp\/v2\/posts\/86331\/revisions"}],"predecessor-version":[{"id":86332,"href":"https:\/\/elinformanteperu.com\/index.php\/wp-json\/wp\/v2\/posts\/86331\/revisions\/86332"}],"wp:featuredmedia":[{"embeddable":true,"href":"https:\/\/elinformanteperu.com\/index.php\/wp-json\/wp\/v2\/media\/57994"}],"wp:attachment":[{"href":"https:\/\/elinformanteperu.com\/index.php\/wp-json\/wp\/v2\/media?parent=86331"}],"wp:term":[{"taxonomy":"category","embeddable":true,"href":"https:\/\/elinformanteperu.com\/index.php\/wp-json\/wp\/v2\/categories?post=86331"},{"taxonomy":"post_tag","embeddable":true,"href":"https:\/\/elinformanteperu.com\/index.php\/wp-json\/wp\/v2\/tags?post=86331"}],"curies":[{"name":"wp","href":"https:\/\/api.w.org\/{rel}","templated":true}]}}