{"id":86328,"date":"2020-11-10T09:29:10","date_gmt":"2020-11-10T14:29:10","guid":{"rendered":"https:\/\/elinformanteperu.com\/?p=86328"},"modified":"2020-11-10T09:57:19","modified_gmt":"2020-11-10T14:57:19","slug":"congreso-publica-resolucion-que-declara-vacancia-presidencial-de-martin-vizcarra","status":"publish","type":"post","link":"https:\/\/elinformanteperu.com\/index.php\/2020\/11\/10\/congreso-publica-resolucion-que-declara-vacancia-presidencial-de-martin-vizcarra\/","title":{"rendered":"Congreso publica resoluci\u00f3n que declara vacancia presidencial de Mart\u00edn Vizcarra"},"content":{"rendered":"<p><span style=\"color: #000000;\"><strong>Lima, 10 Noviembre 2020, (ANDINA).-<\/strong> El Congreso de la Rep\u00fablica public\u00f3 la resoluci\u00f3n legislativa en la que se declara la vacancia de Mart\u00edn Vizcarra Cornejo en el cargo de presidente de la Rep\u00fablica, por permanente incapacidad moral.<\/span><\/p>\n<p><span style=\"color: #000000;\">La Resoluci\u00f3n 001-2020-2021-CR fue publicada hoy en la separata de Normas Legales del Diario Oficial El Peruano.<\/span><\/p>\n<p><span style=\"color: #000000;\">En el primer art\u00edculo se declara la incapacidad moral permanente del presidente Mart\u00edn Vizcarra Cornejo seg\u00fan lo establecido en el inciso 2 del art\u00edculo 113 de la Constituci\u00f3n Pol\u00edtica del Per\u00fa.<\/span><\/p>\n<p><span style=\"color: #000000;\">En el segundo art\u00edculo declara la vacancia de la Presidencia de la Rep\u00fablica y, en consecuencia, la sucesi\u00f3n del r\u00e9gimen establecido en el art\u00edculo 115 de la Constituci\u00f3n.<\/span><\/p>\n<p><span style=\"color: #000000;\">La resoluci\u00f3n legislativa lleva las r\u00fabricas del presidente del Congreso, Manuel Merino de Lama, y el primer vicepresidente del Parlamento, Luis Alberto Valdez.<\/span><\/p>\n<p><span style=\"color: #000000;\">En la v\u00edspera, el pleno del Congreso aprob\u00f3 por 105 votos a favor la moci\u00f3n de orden del d\u00eda que declara la vacancia de Mart\u00edn Vizcarra Cornejo en el cargo de presidente de la Rep\u00fablica, por permanente incapacidad moral.<\/span><\/p>\n","protected":false},"excerpt":{"rendered":"<p>Lima, 10 Noviembre 2020, (ANDINA).- El Congreso de la Rep\u00fablica public\u00f3 la resoluci\u00f3n legislativa en la que se declara la vacancia de Mart\u00edn Vizcarra Cornejo en el cargo de presidente de la Rep\u00fablica, por permanente incapacidad moral. La Resoluci\u00f3n 001-2020-2021-CR fue publicada hoy en la separata de Normas Legales del Diario Oficial El Peruano. En [&hellip;]<\/p>\n","protected":false},"author":1,"featured_media":86329,"comment_status":"open","ping_status":"open","sticky":false,"template":"","format":"standard","meta":{"rop_custom_images_group":[],"rop_custom_messages_group":[],"rop_publish_now":"initial","rop_publish_now_accounts":[],"rop_publish_now_history":[],"rop_publish_now_status":"pending","footnotes":""},"categories":[5,5745],"tags":[192,4751],"class_list":["post-86328","post","type-post","status-publish","format-standard","has-post-thumbnail","hentry","category-actualidad-informativa","category-lo-ultimo","tag-congreso","tag-vacancia-vizcarra"],"_links":{"self":[{"href":"https:\/\/elinformanteperu.com\/index.php\/wp-json\/wp\/v2\/posts\/86328","targetHints":{"allow":["GET"]}}],"collection":[{"href":"https:\/\/elinformanteperu.com\/index.php\/wp-json\/wp\/v2\/posts"}],"about":[{"href":"https:\/\/elinformanteperu.com\/index.php\/wp-json\/wp\/v2\/types\/post"}],"author":[{"embeddable":true,"href":"https:\/\/elinformanteperu.com\/index.php\/wp-json\/wp\/v2\/users\/1"}],"replies":[{"embeddable":true,"href":"https:\/\/elinformanteperu.com\/index.php\/wp-json\/wp\/v2\/comments?post=86328"}],"version-history":[{"count":1,"href":"https:\/\/elinformanteperu.com\/index.php\/wp-json\/wp\/v2\/posts\/86328\/revisions"}],"predecessor-version":[{"id":86330,"href":"https:\/\/elinformanteperu.com\/index.php\/wp-json\/wp\/v2\/posts\/86328\/revisions\/86330"}],"wp:featuredmedia":[{"embeddable":true,"href":"https:\/\/elinformanteperu.com\/index.php\/wp-json\/wp\/v2\/media\/86329"}],"wp:attachment":[{"href":"https:\/\/elinformanteperu.com\/index.php\/wp-json\/wp\/v2\/media?parent=86328"}],"wp:term":[{"taxonomy":"category","embeddable":true,"href":"https:\/\/elinformanteperu.com\/index.php\/wp-json\/wp\/v2\/categories?post=86328"},{"taxonomy":"post_tag","embeddable":true,"href":"https:\/\/elinformanteperu.com\/index.php\/wp-json\/wp\/v2\/tags?post=86328"}],"curies":[{"name":"wp","href":"https:\/\/api.w.org\/{rel}","templated":true}]}}