{"id":86322,"date":"2020-11-09T22:46:42","date_gmt":"2020-11-10T03:46:42","guid":{"rendered":"https:\/\/elinformanteperu.com\/?p=86322"},"modified":"2020-11-09T22:46:42","modified_gmt":"2020-11-10T03:46:42","slug":"presidente-vizcarra-acepta-decision-y-hoy-deja-palacio-de-gobierno","status":"publish","type":"post","link":"https:\/\/elinformanteperu.com\/index.php\/2020\/11\/09\/presidente-vizcarra-acepta-decision-y-hoy-deja-palacio-de-gobierno\/","title":{"rendered":"Presidente Vizcarra acepta decisi\u00f3n y hoy deja Palacio de Gobierno"},"content":{"rendered":"<p><span style=\"color: #000000;\"><strong>Lima, 09 Noviembre 2020, (ANDINA).-<\/strong> El presidente Mart\u00edn Vizcarra dijo aceptar la decisi\u00f3n tomada por el Pleno del Congreso, que aprob\u00f3 la segunda moci\u00f3n de vacancia en su contra e inform\u00f3 que hoy mismo dejar\u00e1 la sede de Palacio de Gobierno.<\/span><\/p>\n<p><span style=\"color: #000000;\">En un pronunciamiento, el jefe del Estado asever\u00f3 que no interpondr\u00e1 ninguna acci\u00f3n legal sobre lo actuado por el Parlamento, que lo vac\u00f3 del cargo por 105 votos e indic\u00f3 que se va con la conciencia tranquila y con el deber cumplido con el pa\u00eds.<\/span><\/p>\n<p><span style=\"color: #000000;\">\u201cEl Congreso ha votado por la vacancia presidencial. La historia y el pueblo peruano juzgar\u00e1n las decisiones que cada quien toma. En l\u00ednea con mis convicciones democr\u00e1ticas, manifiesto que hoy d\u00eda dejo Palacio de Gobierno\u00bb, afirm\u00f3.<\/span><\/p>\n<p><span style=\"color: #000000;\">Acompa\u00f1ado de los miembros del Gabinete Ministerial, sostuvo que se retirar\u00e1 de Palacio de Gobierno con la \u201cfrente en alto\u201d y que afrontar\u00e1 las investigaciones en su contra.<\/span><\/p>\n<p><span style=\"color: #000000;\">\u201cSalgo de Palacio de como entr\u00e9 hace 2 a\u00f1os 8 meses, con la frente en alto. Voy a afrontar las investigaciones que corresponden para demostrar la falsedad de las acusaciones\u00bb, precis\u00f3.<\/span><\/p>\n<p><span style=\"color: #000000;\">Refiri\u00f3 que durante su gesti\u00f3n siempre actu\u00f3 de la mano de la ciudadan\u00eda y el pueblo peruano ha sido mi mayor respaldo y fortaleza.<\/span><\/p>\n<p><span style=\"color: #000000;\">\u201cCuando decidimos enfrentar el flagelo de la corrupci\u00f3n, tuvimos claro que asum\u00edamos estos riesgos. Reafirmo ante el pueblo peruano que me voy con la conciencia tranquila y el deber cumplido\u00bb, asever\u00f3<\/span><\/p>\n<p><span style=\"color: #000000;\">Vizcarra subray\u00f3 que durante su presentaci\u00f3n ante el pleno del Congreso esta ma\u00f1ana realiz\u00f3 su m\u00e1ximo esfuerzo para decir ante el Parlamento sobre qu\u00e9 era lo mejor para el pa\u00eds, pero \u2013dijo- los congresistas no lo escucharon o no lo entendieron.<\/span><\/p>\n<p><span style=\"color: #000000;\">Asimismo, dijo esperar que pronto se d\u00e9 a conocer cu\u00e1les fueron los motivos \u201cde fondo\u201d que se tradujeron en votos a favor de la vacancia presidencial.<\/span><\/p>\n<p><span style=\"color: #000000;\">\u201cSi son decisiones en favor de lo mejor para el Per\u00fa o si son decisiones pensando en intereses particulares (\u2026)\u201d, cuestion\u00f3.<\/span><\/p>\n<p><span style=\"color: #000000;\">Finalmente, agradeci\u00f3 a la poblaci\u00f3n que lo ha respaldado y se\u00f1al\u00f3 que siempre ha puesto todo su esfuerzo, capacidad y coraz\u00f3n al servicio del pueblo.<\/span><\/p>\n","protected":false},"excerpt":{"rendered":"<p>Lima, 09 Noviembre 2020, (ANDINA).- El presidente Mart\u00edn Vizcarra dijo aceptar la decisi\u00f3n tomada por el Pleno del Congreso, que aprob\u00f3 la segunda moci\u00f3n de vacancia en su contra e inform\u00f3 que hoy mismo dejar\u00e1 la sede de Palacio de Gobierno. En un pronunciamiento, el jefe del Estado asever\u00f3 que no interpondr\u00e1 ninguna acci\u00f3n legal [&hellip;]<\/p>\n","protected":false},"author":1,"featured_media":86323,"comment_status":"open","ping_status":"open","sticky":false,"template":"","format":"standard","meta":{"rop_custom_images_group":[],"rop_custom_messages_group":[],"rop_publish_now":"initial","rop_publish_now_accounts":[],"rop_publish_now_history":[],"rop_publish_now_status":"pending","footnotes":""},"categories":[5,5745],"tags":[289,4751],"class_list":["post-86322","post","type-post","status-publish","format-standard","has-post-thumbnail","hentry","category-actualidad-informativa","category-lo-ultimo","tag-martin-vizcarra","tag-vacancia-vizcarra"],"_links":{"self":[{"href":"https:\/\/elinformanteperu.com\/index.php\/wp-json\/wp\/v2\/posts\/86322","targetHints":{"allow":["GET"]}}],"collection":[{"href":"https:\/\/elinformanteperu.com\/index.php\/wp-json\/wp\/v2\/posts"}],"about":[{"href":"https:\/\/elinformanteperu.com\/index.php\/wp-json\/wp\/v2\/types\/post"}],"author":[{"embeddable":true,"href":"https:\/\/elinformanteperu.com\/index.php\/wp-json\/wp\/v2\/users\/1"}],"replies":[{"embeddable":true,"href":"https:\/\/elinformanteperu.com\/index.php\/wp-json\/wp\/v2\/comments?post=86322"}],"version-history":[{"count":1,"href":"https:\/\/elinformanteperu.com\/index.php\/wp-json\/wp\/v2\/posts\/86322\/revisions"}],"predecessor-version":[{"id":86324,"href":"https:\/\/elinformanteperu.com\/index.php\/wp-json\/wp\/v2\/posts\/86322\/revisions\/86324"}],"wp:featuredmedia":[{"embeddable":true,"href":"https:\/\/elinformanteperu.com\/index.php\/wp-json\/wp\/v2\/media\/86323"}],"wp:attachment":[{"href":"https:\/\/elinformanteperu.com\/index.php\/wp-json\/wp\/v2\/media?parent=86322"}],"wp:term":[{"taxonomy":"category","embeddable":true,"href":"https:\/\/elinformanteperu.com\/index.php\/wp-json\/wp\/v2\/categories?post=86322"},{"taxonomy":"post_tag","embeddable":true,"href":"https:\/\/elinformanteperu.com\/index.php\/wp-json\/wp\/v2\/tags?post=86322"}],"curies":[{"name":"wp","href":"https:\/\/api.w.org\/{rel}","templated":true}]}}