{"id":86320,"date":"2020-11-09T21:11:44","date_gmt":"2020-11-10T02:11:44","guid":{"rendered":"https:\/\/elinformanteperu.com\/?p=86320"},"modified":"2020-11-09T21:11:44","modified_gmt":"2020-11-10T02:11:44","slug":"congreso-aprueba-mocion-de-vacancia-presidencial","status":"publish","type":"post","link":"https:\/\/elinformanteperu.com\/index.php\/2020\/11\/09\/congreso-aprueba-mocion-de-vacancia-presidencial\/","title":{"rendered":"Congreso aprueba moci\u00f3n de vacancia presidencial"},"content":{"rendered":"<p><strong><span style=\"color: #000000;\">Manuel Merino formul\u00f3 un llamado a la calma y manifest\u00f3 que respetar\u00e1 el cronograma electoral<\/span><\/strong><\/p>\n<p><span style=\"color: #000000;\"><strong>Lima, 09 Noviembre 2020, (ANDINA).-<\/strong> El Pleno del Congreso aprob\u00f3 esta noche la segunda moci\u00f3n de vacancia presidencial por causal de incapacidad moral permanente.<\/span><\/p>\n<p><span style=\"color: #000000;\">Por 105 votos a favor, 19 en contra y 4 abstenciones, la representaci\u00f3n nacional decidi\u00f3 respaldar la moci\u00f3n presentada por la bancada de Uni\u00f3n por el Per\u00fa contra el presidente Mart\u00edn Vizcarra.<\/span><\/p>\n<p><span style=\"color: #000000;\">Al t\u00e9rmino de la votaci\u00f3n, el presidente del Congreso, Manuel Merino de Lama, convoc\u00f3 a los parlamentarios para ma\u00f1ana, a las 17:00 horas, para, seg\u00fan dijo, una ceremonia de juramentaci\u00f3n presidencial.<\/span><\/p>\n<p><span style=\"color: #000000;\">\u00abEn cumplimiento del art\u00edculo 89-A del Reglamento del Congreso, la Resoluci\u00f3n del Congreso aprobada ser\u00e1 comunicada de inmediato al vacado y al presidente del Consejo de Ministros\u00bb, indic\u00f3 el titular del Parlamento.<\/span><\/p>\n<p><span style=\"color: #000000;\">La moci\u00f3n de vacancia presidencial invoca la causal de incapacidad moral por hechos contra el presidente Vizcarra cuando era gobernador regional de Moquegua.<\/span><\/p>\n<p><span style=\"color: #000000;\">De acuerdo a la Constituci\u00f3n, corresponde al presidente del Congreso asumir la presidencia de la Rep\u00fablica.<\/span><\/p>\n<p><strong><span style=\"color: #000000;\">Cronograma electoral<\/span><\/strong><\/p>\n<p><span style=\"color: #000000;\">Posteriormente, en declaraciones en Am\u00e9rica Noticias, Merino formul\u00f3 un llamado a la calma y asegur\u00f3 que respetar\u00e1 la convocatoria a las pr\u00f3ximas Elecciones Generales 2021.<\/span><\/p>\n<p><span style=\"color: #000000;\">\u201cLas elecciones ya est\u00e1n convocadas. La convocatoria de elecciones se mantiene estrictamente en la convocatoria que ha hecho el presidente vacado (&#8230;)\u00bb, precis\u00f3.<\/span><\/p>\n","protected":false},"excerpt":{"rendered":"<p>Manuel Merino formul\u00f3 un llamado a la calma y manifest\u00f3 que respetar\u00e1 el cronograma electoral Lima, 09 Noviembre 2020, (ANDINA).- El Pleno del Congreso aprob\u00f3 esta noche la segunda moci\u00f3n de vacancia presidencial por causal de incapacidad moral permanente. Por 105 votos a favor, 19 en contra y 4 abstenciones, la representaci\u00f3n nacional decidi\u00f3 respaldar [&hellip;]<\/p>\n","protected":false},"author":1,"featured_media":82584,"comment_status":"open","ping_status":"open","sticky":false,"template":"","format":"standard","meta":{"rop_custom_images_group":[],"rop_custom_messages_group":[],"rop_publish_now":"initial","rop_publish_now_accounts":[],"rop_publish_now_history":[],"rop_publish_now_status":"pending","footnotes":""},"categories":[5,5745],"tags":[192,289,4751],"class_list":["post-86320","post","type-post","status-publish","format-standard","has-post-thumbnail","hentry","category-actualidad-informativa","category-lo-ultimo","tag-congreso","tag-martin-vizcarra","tag-vacancia-vizcarra"],"_links":{"self":[{"href":"https:\/\/elinformanteperu.com\/index.php\/wp-json\/wp\/v2\/posts\/86320","targetHints":{"allow":["GET"]}}],"collection":[{"href":"https:\/\/elinformanteperu.com\/index.php\/wp-json\/wp\/v2\/posts"}],"about":[{"href":"https:\/\/elinformanteperu.com\/index.php\/wp-json\/wp\/v2\/types\/post"}],"author":[{"embeddable":true,"href":"https:\/\/elinformanteperu.com\/index.php\/wp-json\/wp\/v2\/users\/1"}],"replies":[{"embeddable":true,"href":"https:\/\/elinformanteperu.com\/index.php\/wp-json\/wp\/v2\/comments?post=86320"}],"version-history":[{"count":1,"href":"https:\/\/elinformanteperu.com\/index.php\/wp-json\/wp\/v2\/posts\/86320\/revisions"}],"predecessor-version":[{"id":86321,"href":"https:\/\/elinformanteperu.com\/index.php\/wp-json\/wp\/v2\/posts\/86320\/revisions\/86321"}],"wp:featuredmedia":[{"embeddable":true,"href":"https:\/\/elinformanteperu.com\/index.php\/wp-json\/wp\/v2\/media\/82584"}],"wp:attachment":[{"href":"https:\/\/elinformanteperu.com\/index.php\/wp-json\/wp\/v2\/media?parent=86320"}],"wp:term":[{"taxonomy":"category","embeddable":true,"href":"https:\/\/elinformanteperu.com\/index.php\/wp-json\/wp\/v2\/categories?post=86320"},{"taxonomy":"post_tag","embeddable":true,"href":"https:\/\/elinformanteperu.com\/index.php\/wp-json\/wp\/v2\/tags?post=86320"}],"curies":[{"name":"wp","href":"https:\/\/api.w.org\/{rel}","templated":true}]}}