{"id":85764,"date":"2020-11-02T23:42:10","date_gmt":"2020-11-03T04:42:10","guid":{"rendered":"https:\/\/elinformanteperu.com\/?p=85764"},"modified":"2020-11-02T23:42:10","modified_gmt":"2020-11-03T04:42:10","slug":"ministro-de-defensa-pide-al-congreso-actuar-con-mesura-y-responsabilidad","status":"publish","type":"post","link":"https:\/\/elinformanteperu.com\/index.php\/2020\/11\/02\/ministro-de-defensa-pide-al-congreso-actuar-con-mesura-y-responsabilidad\/","title":{"rendered":"Ministro de Defensa pide al Congreso actuar con mesura y responsabilidad"},"content":{"rendered":"<p><strong><span style=\"color: #000000;\">Afirm\u00f3 que solicitar vacancia distrae acciones contra la pandemia del coronavirus<\/span><\/strong><\/p>\n<p><span style=\"color: #000000;\"><strong>Lima, 02 Noviembre 2020, (ANDINA).-<\/strong> El ministro de Defensa, Jorge Ch\u00e1vez, pidi\u00f3 al Congreso actuar con mesura y responsabilidad durante el debate que se efectuar\u00e1 hoy para definir si se admite o no la segunda moci\u00f3n de vacancia presidencial.<\/span><\/p>\n<p><span style=\"color: #000000;\">Durante el acto de reconocimiento del comandante general de Ej\u00e9rcito, Manuel G\u00f3mez De La Torre Aran\u00edbar, dijo, tambi\u00e9n, que el Parlamento tiene una excelente oportunidad de demostrar que trabaja en unidad para evitar distracciones en la lucha contra la pandemia y la reactivaci\u00f3n econ\u00f3mica.<\/span><\/p>\n<p><span style=\"color: #000000;\">\u00abNosotros respetamos la independencia de poderes, pero creo que esta es una excelente oportunidad para que nuestro Congreso de la Rep\u00fablica pueda demostrar el trabajo conjunto, siempre lo he manifestado, acciones en este sentido de solicitar la vacancia hacen que nuestras acciones de lucha contra la pandemia se distraigan y perjudica tambi\u00e9n la reactivaci\u00f3n econ\u00f3mica que pueda haber en el pa\u00eds\u00bb, se\u00f1al\u00f3.<\/span><\/p>\n<p><span style=\"color: #000000;\">Asimismo, record\u00f3 que quedan cinco meses para la realizaci\u00f3n de las elecciones generales que elegir\u00e1n a nuevo Presidente de la Rep\u00fablica y Congreso, y menos ocho meses para la transici\u00f3n democr\u00e1tica.<\/span><\/p>\n<p><span style=\"color: #000000;\">En otro momento, precis\u00f3 que la pr\u00f3rroga del nombramiento del jefe del Comando Conjunto de las Fuerzas Armadas, C\u00e9sar Astudillo, se debe a que efect\u00faa las coordinaciones en diversas operaciones de seguridad y las que se desarrollan en el marco de la lucha contra la pandemia del coronavirus (covid-19).<\/span><\/p>\n<p><span style=\"color: #000000;\">Asimismo, precis\u00f3 que el jefe del Consejo de Ministros, Walter Martos, acudir\u00e1 al Congreso para efectuar las explicaciones sobre unas declaraciones efectuadas en un programa dominical sobre la actuaci\u00f3n de las Fuerzas Armadas.<\/span><\/p>\n<p><span style=\"color: #000000;\">\u00abLas Fuerzas Armadas no son deliberantes y garantizan el orden constitucional, adem\u00e1s de brindar soporte log\u00edstico para proteger a la poblaci\u00f3n en la lucha contra la pandemia\u00bb, reiter\u00f3.<\/span><\/p>\n<p><span style=\"color: #000000;\">Al respecto, inform\u00f3 que un total de 100 efectivos de las Fuerzas Armadas fallecieron a causa del covid-19 y que de un total de 3,000 infectados en las tres armas, 2,600 se recuperaron y volvieron a la primera l\u00ednea de acci\u00f3n.<\/span><\/p>\n<p><span style=\"color: #000000;\">Adem\u00e1s, el titular de Defensa aprovech\u00f3 para agradecer la labor realizada por los excomandantes generales del Ej\u00e9rcito, Jorge C\u00e9liz; de la Marina, Fernando Cerd\u00e1n; y de la Fuerza A\u00e9rea, Rodolfo Garc\u00eda Esquerre.<\/span><\/p>\n","protected":false},"excerpt":{"rendered":"<p>Afirm\u00f3 que solicitar vacancia distrae acciones contra la pandemia del coronavirus Lima, 02 Noviembre 2020, (ANDINA).- El ministro de Defensa, Jorge Ch\u00e1vez, pidi\u00f3 al Congreso actuar con mesura y responsabilidad durante el debate que se efectuar\u00e1 hoy para definir si se admite o no la segunda moci\u00f3n de vacancia presidencial. Durante el acto de reconocimiento [&hellip;]<\/p>\n","protected":false},"author":1,"featured_media":85765,"comment_status":"open","ping_status":"open","sticky":false,"template":"","format":"standard","meta":{"rop_custom_images_group":[],"rop_custom_messages_group":[],"rop_publish_now":"initial","rop_publish_now_accounts":[],"rop_publish_now_history":[],"rop_publish_now_status":"pending","footnotes":""},"categories":[5],"tags":[6047,376,375,4751],"class_list":["post-85764","post","type-post","status-publish","format-standard","has-post-thumbnail","hentry","category-actualidad-informativa","tag-jorge-chavez-cresta","tag-mindef","tag-ministerio-de-defensa","tag-vacancia-vizcarra"],"_links":{"self":[{"href":"https:\/\/elinformanteperu.com\/index.php\/wp-json\/wp\/v2\/posts\/85764","targetHints":{"allow":["GET"]}}],"collection":[{"href":"https:\/\/elinformanteperu.com\/index.php\/wp-json\/wp\/v2\/posts"}],"about":[{"href":"https:\/\/elinformanteperu.com\/index.php\/wp-json\/wp\/v2\/types\/post"}],"author":[{"embeddable":true,"href":"https:\/\/elinformanteperu.com\/index.php\/wp-json\/wp\/v2\/users\/1"}],"replies":[{"embeddable":true,"href":"https:\/\/elinformanteperu.com\/index.php\/wp-json\/wp\/v2\/comments?post=85764"}],"version-history":[{"count":1,"href":"https:\/\/elinformanteperu.com\/index.php\/wp-json\/wp\/v2\/posts\/85764\/revisions"}],"predecessor-version":[{"id":85766,"href":"https:\/\/elinformanteperu.com\/index.php\/wp-json\/wp\/v2\/posts\/85764\/revisions\/85766"}],"wp:featuredmedia":[{"embeddable":true,"href":"https:\/\/elinformanteperu.com\/index.php\/wp-json\/wp\/v2\/media\/85765"}],"wp:attachment":[{"href":"https:\/\/elinformanteperu.com\/index.php\/wp-json\/wp\/v2\/media?parent=85764"}],"wp:term":[{"taxonomy":"category","embeddable":true,"href":"https:\/\/elinformanteperu.com\/index.php\/wp-json\/wp\/v2\/categories?post=85764"},{"taxonomy":"post_tag","embeddable":true,"href":"https:\/\/elinformanteperu.com\/index.php\/wp-json\/wp\/v2\/tags?post=85764"}],"curies":[{"name":"wp","href":"https:\/\/api.w.org\/{rel}","templated":true}]}}