{"id":85654,"date":"2020-10-31T23:33:26","date_gmt":"2020-11-01T04:33:26","guid":{"rendered":"https:\/\/elinformanteperu.com\/?p=85654"},"modified":"2020-10-31T23:33:26","modified_gmt":"2020-11-01T04:33:26","slug":"walter-alban-hay-candidaturas-de-temer-para-magistrados-del-tc","status":"publish","type":"post","link":"https:\/\/elinformanteperu.com\/index.php\/2020\/10\/31\/walter-alban-hay-candidaturas-de-temer-para-magistrados-del-tc\/","title":{"rendered":"Walter Alb\u00e1n: hay candidaturas de temer para magistrados del TC"},"content":{"rendered":"<p><strong><span style=\"color: #000000;\">Exdefensor del pueblo afirma que vigilancia ciudadana ser\u00e1 importante en proceso de selecci\u00f3n<\/span><\/strong><\/p>\n<p><span style=\"color: #000000;\"><strong>Lima, 31 Octubre 2020, (ANDINA).<\/strong>&#8211; El exdefensor del pueblo Walter Alb\u00e1n sostuvo hoy que existen candidaturas \u00abde temer\u00bb en el concurso para magistrados del Tribunal Constitucional (TC), que lleva a cabo una comisi\u00f3n especial del Congreso.<\/span><\/p>\n<p><span style=\"color: #000000;\">Seg\u00fan explic\u00f3, la manera como ha actuado hasta el momento dicha comisi\u00f3n ha permitido inscribirse a gente que en otras circunstancias no hubiera tenido la osad\u00eda de presentarse a tentar suerte.<\/span><\/p>\n<p><span style=\"color: #000000;\">\u00abHay varios nombres que no re\u00fanen trayectoria profesional ni calificaci\u00f3n y que en el mundo acad\u00e9mico no se les conoce. Es algo que genera mucha preocupaci\u00f3n\u00bb, dijo a la Agencia Andina.<\/span><\/p>\n<p><span style=\"color: #000000;\">\u00abEsto obedece a la forma poco prudente como se maneja la comisi\u00f3n. En el Congreso tienen la obsesi\u00f3n de elegir a como d\u00e9 lugar, forzando un reglamento con serias deficiencias\u00bb, asever\u00f3 Alb\u00e1n.<\/span><\/p>\n<p><span style=\"color: #000000;\">Adem\u00e1s, refiri\u00f3, esto ha hecho que mucha gente con altas calificaciones se haya desanimado a postular, temiendo que ya todo est\u00e9 resuelto al ver que en la comisi\u00f3n quieren elegir como sea.<\/span><\/p>\n<p><span style=\"color: #000000;\">Entre las candidaturas de temer figura el exmagistrado Walde J\u00e1uregui, y entre las pocas postulaciones destacables est\u00e1n Luz Pacheco, Carolina Garc\u00e9s y Carlos Hakansson, mencion\u00f3.<\/span><\/p>\n<p><span style=\"color: #000000;\">Para el exdefensor del pueblo, las candidaturas respetables se presentaron confiando en que el proceso tomar\u00e1 un curso m\u00e1s serio y reflexivo, con vigilancia de la ciudadan\u00eda, algo que, subray\u00f3, debe imperar durante el concurso.<\/span><\/p>\n<p><span style=\"color: #000000;\">\u00abLa \u00fanica manera en que el Congreso se cuida de no hacer barbaridades es cuando la ciudadan\u00eda hace sentir su voz, es lo que corresponde en este proceso, hacer una vigilancia, seguir cada paso que se da y que candidaturas cuestionables no prosperen\u00bb, afirm\u00f3.<\/span><\/p>\n","protected":false},"excerpt":{"rendered":"<p>Exdefensor del pueblo afirma que vigilancia ciudadana ser\u00e1 importante en proceso de selecci\u00f3n Lima, 31 Octubre 2020, (ANDINA).&#8211; El exdefensor del pueblo Walter Alb\u00e1n sostuvo hoy que existen candidaturas \u00abde temer\u00bb en el concurso para magistrados del Tribunal Constitucional (TC), que lleva a cabo una comisi\u00f3n especial del Congreso. Seg\u00fan explic\u00f3, la manera como ha [&hellip;]<\/p>\n","protected":false},"author":1,"featured_media":8553,"comment_status":"open","ping_status":"open","sticky":false,"template":"","format":"standard","meta":{"rop_custom_images_group":[],"rop_custom_messages_group":[],"rop_publish_now":"initial","rop_publish_now_accounts":[],"rop_publish_now_history":[],"rop_publish_now_status":"pending","footnotes":""},"categories":[5],"tags":[1402,1401,1205],"class_list":["post-85654","post","type-post","status-publish","format-standard","has-post-thumbnail","hentry","category-actualidad-informativa","tag-tc","tag-tribunal-constitucional","tag-walter-alban"],"_links":{"self":[{"href":"https:\/\/elinformanteperu.com\/index.php\/wp-json\/wp\/v2\/posts\/85654","targetHints":{"allow":["GET"]}}],"collection":[{"href":"https:\/\/elinformanteperu.com\/index.php\/wp-json\/wp\/v2\/posts"}],"about":[{"href":"https:\/\/elinformanteperu.com\/index.php\/wp-json\/wp\/v2\/types\/post"}],"author":[{"embeddable":true,"href":"https:\/\/elinformanteperu.com\/index.php\/wp-json\/wp\/v2\/users\/1"}],"replies":[{"embeddable":true,"href":"https:\/\/elinformanteperu.com\/index.php\/wp-json\/wp\/v2\/comments?post=85654"}],"version-history":[{"count":1,"href":"https:\/\/elinformanteperu.com\/index.php\/wp-json\/wp\/v2\/posts\/85654\/revisions"}],"predecessor-version":[{"id":85655,"href":"https:\/\/elinformanteperu.com\/index.php\/wp-json\/wp\/v2\/posts\/85654\/revisions\/85655"}],"wp:featuredmedia":[{"embeddable":true,"href":"https:\/\/elinformanteperu.com\/index.php\/wp-json\/wp\/v2\/media\/8553"}],"wp:attachment":[{"href":"https:\/\/elinformanteperu.com\/index.php\/wp-json\/wp\/v2\/media?parent=85654"}],"wp:term":[{"taxonomy":"category","embeddable":true,"href":"https:\/\/elinformanteperu.com\/index.php\/wp-json\/wp\/v2\/categories?post=85654"},{"taxonomy":"post_tag","embeddable":true,"href":"https:\/\/elinformanteperu.com\/index.php\/wp-json\/wp\/v2\/tags?post=85654"}],"curies":[{"name":"wp","href":"https:\/\/api.w.org\/{rel}","templated":true}]}}