{"id":85652,"date":"2020-10-31T23:31:23","date_gmt":"2020-11-01T04:31:23","guid":{"rendered":"https:\/\/elinformanteperu.com\/?p=85652"},"modified":"2020-10-31T23:31:23","modified_gmt":"2020-11-01T04:31:23","slug":"tc-vera-causa-sobre-reconocimiento-de-matrimonio-igualitario-el-3-de-noviembre","status":"publish","type":"post","link":"https:\/\/elinformanteperu.com\/index.php\/2020\/10\/31\/tc-vera-causa-sobre-reconocimiento-de-matrimonio-igualitario-el-3-de-noviembre\/","title":{"rendered":"TC ver\u00e1 causa sobre reconocimiento de matrimonio igualitario el 3 de noviembre"},"content":{"rendered":"<p><span style=\"color: #000000;\"><strong>Lima, 31 Octubre 2020, (ANDINA).-<\/strong> El pleno del Tribunal Constitucional (TC) debatir\u00e1 el martes 3 de noviembre la demanda de amparo interpuesta por Oscar Ugarteche Galarza contra el Registro Nacional de Identificaci\u00f3n y Estado Civil (Reniec) para que la entidad inscriba su matrimonio realizado con un ciudadano mexicano.<\/span><\/p>\n<p><span style=\"color: #000000;\">La sesi\u00f3n de este colegiado est\u00e1 programada para las 09:30 horas y su deliberaci\u00f3n tendr\u00e1 car\u00e1cter reservado.<\/span><\/p>\n<p><span style=\"color: #000000;\">De acuerdo con el procedimiento, el pleno empezar\u00e1 con la exposici\u00f3n de la ponencia a cargo del magistrado Carlos Ramos N\u00fa\u00f1ez y luego, la presidenta del TC, Marianella Ledesma Narv\u00e1ez, iniciar\u00e1 la deliberaci\u00f3n dando el uso de la palabra a cada uno de los magistrados.<\/span><\/p>\n<p><span style=\"color: #000000;\">La demanda de amparo ingres\u00f3 al Tribunal Constitucional en mayo de 2018 y el 20 de junio de ese a\u00f1o se realiz\u00f3 la audiencia p\u00fablica.<\/span><\/p>\n<p><span style=\"color: #000000;\">En el 2011, Oscar Ugarteche solicit\u00f3 al Reniec la inscripci\u00f3n de su matrimonio celebrado en M\u00e9xico, pa\u00eds donde la uni\u00f3n entre parejas del mismo sexo es legal.<\/span><\/p>\n<p><span style=\"color: #000000;\">Sin embargo, dicha instituci\u00f3n rechaz\u00f3 el pedido, ante lo cual el economista peruano decidi\u00f3 apelar judicialmente la decisi\u00f3n tras agotar la v\u00eda administrativa.<\/span><\/p>\n","protected":false},"excerpt":{"rendered":"<p>Lima, 31 Octubre 2020, (ANDINA).- El pleno del Tribunal Constitucional (TC) debatir\u00e1 el martes 3 de noviembre la demanda de amparo interpuesta por Oscar Ugarteche Galarza contra el Registro Nacional de Identificaci\u00f3n y Estado Civil (Reniec) para que la entidad inscriba su matrimonio realizado con un ciudadano mexicano. La sesi\u00f3n de este colegiado est\u00e1 programada [&hellip;]<\/p>\n","protected":false},"author":1,"featured_media":79019,"comment_status":"open","ping_status":"open","sticky":false,"template":"","format":"standard","meta":{"rop_custom_images_group":[],"rop_custom_messages_group":[],"rop_publish_now":"initial","rop_publish_now_accounts":[],"rop_publish_now_history":[],"rop_publish_now_status":"pending","footnotes":""},"categories":[5],"tags":[800,1402,1401],"class_list":["post-85652","post","type-post","status-publish","format-standard","has-post-thumbnail","hentry","category-actualidad-informativa","tag-oscar-ugarteche","tag-tc","tag-tribunal-constitucional"],"_links":{"self":[{"href":"https:\/\/elinformanteperu.com\/index.php\/wp-json\/wp\/v2\/posts\/85652","targetHints":{"allow":["GET"]}}],"collection":[{"href":"https:\/\/elinformanteperu.com\/index.php\/wp-json\/wp\/v2\/posts"}],"about":[{"href":"https:\/\/elinformanteperu.com\/index.php\/wp-json\/wp\/v2\/types\/post"}],"author":[{"embeddable":true,"href":"https:\/\/elinformanteperu.com\/index.php\/wp-json\/wp\/v2\/users\/1"}],"replies":[{"embeddable":true,"href":"https:\/\/elinformanteperu.com\/index.php\/wp-json\/wp\/v2\/comments?post=85652"}],"version-history":[{"count":1,"href":"https:\/\/elinformanteperu.com\/index.php\/wp-json\/wp\/v2\/posts\/85652\/revisions"}],"predecessor-version":[{"id":85653,"href":"https:\/\/elinformanteperu.com\/index.php\/wp-json\/wp\/v2\/posts\/85652\/revisions\/85653"}],"wp:featuredmedia":[{"embeddable":true,"href":"https:\/\/elinformanteperu.com\/index.php\/wp-json\/wp\/v2\/media\/79019"}],"wp:attachment":[{"href":"https:\/\/elinformanteperu.com\/index.php\/wp-json\/wp\/v2\/media?parent=85652"}],"wp:term":[{"taxonomy":"category","embeddable":true,"href":"https:\/\/elinformanteperu.com\/index.php\/wp-json\/wp\/v2\/categories?post=85652"},{"taxonomy":"post_tag","embeddable":true,"href":"https:\/\/elinformanteperu.com\/index.php\/wp-json\/wp\/v2\/tags?post=85652"}],"curies":[{"name":"wp","href":"https:\/\/api.w.org\/{rel}","templated":true}]}}