{"id":85647,"date":"2020-10-31T23:26:22","date_gmt":"2020-11-01T04:26:22","guid":{"rendered":"https:\/\/elinformanteperu.com\/?p=85647"},"modified":"2020-10-31T23:26:22","modified_gmt":"2020-11-01T04:26:22","slug":"jne-declara-infundado-recurso-sobre-inscripcion-de-personeros-de-todos-por-el-peru","status":"publish","type":"post","link":"https:\/\/elinformanteperu.com\/index.php\/2020\/10\/31\/jne-declara-infundado-recurso-sobre-inscripcion-de-personeros-de-todos-por-el-peru\/","title":{"rendered":"JNE declara infundado recurso sobre inscripci\u00f3n de personeros de Todos por el Per\u00fa"},"content":{"rendered":"<p><span style=\"color: #000000;\"><strong>Lima, 31 Octubre 2020, (ANDINA).-<\/strong> El Jurado Nacional de Elecciones (JNE) declar\u00f3 infundado el recurso de apelaci\u00f3n interpuesto contra la resoluci\u00f3n que suspendi\u00f3 el tr\u00e1mite de solicitud de modificaci\u00f3n de la partida electr\u00f3nica sobre inscripci\u00f3n de personeros legales, titular y alterno, y tesorero titular del partido pol\u00edtico Todos por el Per\u00fa<\/span><\/p>\n<p><span style=\"color: #000000;\">Mediante Resoluci\u00f3n N.\u00b0 0419-2020-JNE, publicado hoy en el bolet\u00edn de Normas Legales del Diario Oficial el Peruano, se precisa que el 9 de octubre de este a\u00f1o, Percy Humberto C\u00e1rdenas Minaya, personero legal alterno de la organizaci\u00f3n pol\u00edtica, solicit\u00f3 se registre el nombramiento del personero legal titular, alterno y el tesorero de la referida organizaci\u00f3n pol\u00edtica.<\/span><\/p>\n<p><span style=\"color: #000000;\">C\u00e1rdenas Minaya requiri\u00f3 ante el organismo electoral su inscripci\u00f3n como personero legal titular, as\u00ed como de Walter Adolfo Quevedo Alvarado como personero legal alterno y de Humberto Castrill\u00f3n Petrovich como tesorero titular.<\/span><\/p>\n<p><span style=\"color: #000000;\">Sin embargo, con fecha 13 de octubre de 2020, Direcci\u00f3n Nacional del Registro de Organizaciones Pol\u00edticas suspendi\u00f3 el tr\u00e1mite de la solicitud de modificaci\u00f3n de Todos por el Per\u00fa hasta que culminen todos los tr\u00e1mites de los t\u00edtulos presentados con anterioridad.<\/span><\/p>\n<p><span style=\"color: #000000;\">Tras ello, el 20 de octubre de 2020, C\u00e1rdenas Minaya present\u00f3 un recurso de apelaci\u00f3n, el cual ha sido declarado infundado.<\/span><\/p>\n","protected":false},"excerpt":{"rendered":"<p>Lima, 31 Octubre 2020, (ANDINA).- El Jurado Nacional de Elecciones (JNE) declar\u00f3 infundado el recurso de apelaci\u00f3n interpuesto contra la resoluci\u00f3n que suspendi\u00f3 el tr\u00e1mite de solicitud de modificaci\u00f3n de la partida electr\u00f3nica sobre inscripci\u00f3n de personeros legales, titular y alterno, y tesorero titular del partido pol\u00edtico Todos por el Per\u00fa Mediante Resoluci\u00f3n N.\u00b0 0419-2020-JNE, [&hellip;]<\/p>\n","protected":false},"author":1,"featured_media":40390,"comment_status":"open","ping_status":"open","sticky":false,"template":"","format":"standard","meta":{"rop_custom_images_group":[],"rop_custom_messages_group":[],"rop_publish_now":"initial","rop_publish_now_accounts":[],"rop_publish_now_history":[],"rop_publish_now_status":"pending","footnotes":""},"categories":[5],"tags":[5461,184,185],"class_list":["post-85647","post","type-post","status-publish","format-standard","has-post-thumbnail","hentry","category-actualidad-informativa","tag-elecciones-2021","tag-jne","tag-jurado-nacional-de-elecciones"],"_links":{"self":[{"href":"https:\/\/elinformanteperu.com\/index.php\/wp-json\/wp\/v2\/posts\/85647","targetHints":{"allow":["GET"]}}],"collection":[{"href":"https:\/\/elinformanteperu.com\/index.php\/wp-json\/wp\/v2\/posts"}],"about":[{"href":"https:\/\/elinformanteperu.com\/index.php\/wp-json\/wp\/v2\/types\/post"}],"author":[{"embeddable":true,"href":"https:\/\/elinformanteperu.com\/index.php\/wp-json\/wp\/v2\/users\/1"}],"replies":[{"embeddable":true,"href":"https:\/\/elinformanteperu.com\/index.php\/wp-json\/wp\/v2\/comments?post=85647"}],"version-history":[{"count":1,"href":"https:\/\/elinformanteperu.com\/index.php\/wp-json\/wp\/v2\/posts\/85647\/revisions"}],"predecessor-version":[{"id":85648,"href":"https:\/\/elinformanteperu.com\/index.php\/wp-json\/wp\/v2\/posts\/85647\/revisions\/85648"}],"wp:featuredmedia":[{"embeddable":true,"href":"https:\/\/elinformanteperu.com\/index.php\/wp-json\/wp\/v2\/media\/40390"}],"wp:attachment":[{"href":"https:\/\/elinformanteperu.com\/index.php\/wp-json\/wp\/v2\/media?parent=85647"}],"wp:term":[{"taxonomy":"category","embeddable":true,"href":"https:\/\/elinformanteperu.com\/index.php\/wp-json\/wp\/v2\/categories?post=85647"},{"taxonomy":"post_tag","embeddable":true,"href":"https:\/\/elinformanteperu.com\/index.php\/wp-json\/wp\/v2\/tags?post=85647"}],"curies":[{"name":"wp","href":"https:\/\/api.w.org\/{rel}","templated":true}]}}