{"id":85645,"date":"2020-10-31T23:24:33","date_gmt":"2020-11-01T04:24:33","guid":{"rendered":"https:\/\/elinformanteperu.com\/?p=85645"},"modified":"2020-10-31T23:24:33","modified_gmt":"2020-11-01T04:24:33","slug":"elecciones-2021-conoce-a-los-pre-candidatos-presidenciales-de-los-partidos","status":"publish","type":"post","link":"https:\/\/elinformanteperu.com\/index.php\/2020\/10\/31\/elecciones-2021-conoce-a-los-pre-candidatos-presidenciales-de-los-partidos\/","title":{"rendered":"Elecciones 2021: conoce a los pre candidatos presidenciales de los partidos"},"content":{"rendered":"<p><span style=\"color: #000000;\"><strong>Lima, 31 Octubre 2020, (ANDINA).-<\/strong> Hoy vence el plazo para que los partidos presenten a la Oficina Nacional de Procesos Electorales (ONPE) la lista de precandidatos que participar\u00e1n en sus comicios internos con miras al proceso electoral de abril del 2021. Estos son los que se conocen a la fecha.<\/span><\/p>\n<p><strong><span style=\"color: #000000;\">Renacimiento Unido Nacional<\/span><\/strong><\/p>\n<p><span style=\"color: #000000;\">El exlegislador Richard Arce C\u00e1ceres inscribi\u00f3 su precandidatura a la Presidencia de la Rep\u00fablica, junto con Lydia Isabel Solo de la Cruz y M\u00e1ximo Juli\u00e1n C\u00f3rdova Basilio, como precandidatos a la primera y segunda vicepresidencia.<\/span><\/p>\n<p><span style=\"color: #000000;\">Dicha lista competir\u00e1 con la liderada por Ciro G\u00e1lvez Herrera, quien est\u00e1 acompa\u00f1ado por Sonia Garc\u00eda Osores como precandidata a la primera vicepresidencia y Alejandro Zolla, a la segunda vicepresidencia.<\/span><\/p>\n<p><strong><span style=\"color: #000000;\">Fuerza Popular<\/span><\/strong><\/p>\n<p><span style=\"color: #000000;\">Keiko Fujimori inscribi\u00f3 en la v\u00edspera su precandidatura a la Presidencia de la Rep\u00fablica en una plancha con Luis Galarreta Velarde y Patricia Ju\u00e1rez Gallegos como precandidatos a la primera y segunda vicepresidencia.<\/span><\/p>\n<p><strong><span style=\"color: #000000;\">Podemos Per\u00fa<\/span><\/strong><\/p>\n<p><span style=\"color: #000000;\">El pre candidato presidencial de Podemos Per\u00fa es Daniel Urresti, lo acompa\u00f1an la exjueza y actual parlamentaria Mar\u00eda Teresa Cabrera y el abogado pune\u00f1o Wilbert Portugal.<\/span><\/p>\n<p><strong><span style=\"color: #000000;\">Renovaci\u00f3n Popular<\/span><\/strong><\/p>\n<p><span style=\"color: #000000;\">En la v\u00edspera, el partido Renovaci\u00f3n Popular present\u00f3 su plancha presidencial encabezada por Rafael L\u00f3pez Aliaga, junto con Neldy Mendoza Flores para la primera vicepresidencia y el almirante Jorge Montoya para la segunda vicepresidencia.<\/span><\/p>\n<p><strong><span style=\"color: #000000;\">Per\u00fa Patria Segura<\/span><\/strong><\/p>\n<p><span style=\"color: #000000;\">Rafael Santos inscribi\u00f3 su precandidatura para la Presidencia de la Rep\u00fablica en una f\u00f3rmula que completan Victoria Paredes y Renzo Reggiardo, para la primera y segunda vicepresidencia, respectivamente.<\/span><\/p>\n<p><strong><span style=\"color: #000000;\">Partido Aprista<\/span><\/strong><\/p>\n<p><span style=\"color: #000000;\">Cuenta con tres listas: una encabezada por Nidia V\u00edlchez junto con Iv\u00e1n Hidalgo y Olga Cribilleros; otra liderada por Rafael Zeballos junto con Roc\u00edo del Pilar Salcedo Silva y Dante Luis Tello Cruzado; y una m\u00e1s que encabeza Juan S\u00e1nchez, acompa\u00f1ado por Nora Rodr\u00edguez y Celso Chinchay.<\/span><\/p>\n<p><strong><span style=\"color: #000000;\">Juntos por el Per\u00fa<\/span><\/strong><\/p>\n<p><span style=\"color: #000000;\">Tiene una sola pre candidatura presidencial, la de Ver\u00f3nika Mendoza, acompa\u00f1ada por el economista Jos\u00e9 de Echave y la bachiller en Derecho Luzmila Ayay.<\/span><\/p>\n<p><strong><span style=\"color: #000000;\">Partido Morado<\/span><\/strong><\/p>\n<p><span style=\"color: #000000;\">Tiene tres listas: la formada por Julio Guzm\u00e1n, Flor Pablo y Francisco Sagasti; la de Carolina Liz\u00e1rraga, Pedro Gamio Aita y Jackeline Mathews Fern\u00e1ndez; y la de Alejandro San Mart\u00edn, Yaneth Silva Cachay y Rafael L\u00f3pez.<\/span><\/p>\n<p><strong><span style=\"color: #000000;\">Partido Popular Cristiano<\/span><\/strong><\/p>\n<p><span style=\"color: #000000;\">La \u00fanica lista la integra el excongresista Alberto Beingolea, acompa\u00f1ado por Luc\u00eda Ledesma Mart\u00ednez y David Vera Trujillo.<\/span><\/p>\n<p><strong><span style=\"color: #000000;\">Restauraci\u00f3n Nacional<\/span><\/strong><\/p>\n<p><span style=\"color: #000000;\">George Forsyth Sommer inscribi\u00f3 su precandidatura a la Presidencia en una lista que completan la ling\u00fcista Ana Patricia Ar\u00e9valo Majluf y el economista Jorge Fernando Ch\u00e1vez \u00c1lvarez.<\/span><\/p>\n<p><strong><span style=\"color: #000000;\">Acci\u00f3n Popular<\/span><\/strong><\/p>\n<p><span style=\"color: #000000;\">En este partido, cuatro planchas presidenciales competir\u00e1n en elecciones internas:<\/span><\/p>\n<p><span style=\"color: #000000;\"><strong>Lista A:<\/strong> Alfredo Barnechea, acompa\u00f1ado por Maricarmen Alva y Armando Villanueva. <\/span><br \/>\n<span style=\"color: #000000;\"><strong>Lista B:<\/strong> Edmundo del \u00c1guila, junto con Celia Quispe y Pedro Morales.<\/span><br \/>\n<span style=\"color: #000000;\"><strong>Lista C:<\/strong> Yonhy Lescano, junto con Gisela Tipe y Luis Alberto Velarde.<\/span><br \/>\n<span style=\"color: #000000;\"><strong>Lista D:<\/strong> Luis Enrique G\u00e1lvez, acompa\u00f1ado por Francis Sandoval y Carlos Valenzuela.<\/span><\/p>\n<p><strong><span style=\"color: #000000;\">Partido Contigo<\/span><\/strong><\/p>\n<p><span style=\"color: #000000;\">A trav\u00e9s de su p\u00e1gina web, el partido Contigo inform\u00f3 que tiene una sola lista que encabeza el ingeniero M\u00e1ximo San Rom\u00e1n, quien anteriormente fue vicepresidente de la Rep\u00fablica durante el gobierno de Alberto Fujimori y asesor presidencial en la gesti\u00f3n de Pedro Pablo Kuczynski.<\/span><\/p>\n<p><span style=\"color: #000000;\"><strong>Uni\u00f3n por el Per\u00fa<\/strong><\/span><\/p>\n<p><span style=\"color: #000000;\">A la fecha posee dos listas, la primera liderada por el exparlamentario Isaac Fredy Serna Guzm\u00e1n junto con Jessenia Choy S\u00e1nchez Panduro e Isaac Humala N\u00fa\u00f1ez, padre del expresidente Ollanta Humala.<\/span><\/p>\n<p><span style=\"color: #000000;\">Adem\u00e1s, figura la plancha encabezada por el actual congresista Jos\u00e9 Vega junto a Hayd\u00e9e Andrade R\u00edos y Ricardo Belmont, para la primera y segunda vicepresidencia, respectivamente.<\/span><\/p>\n<p><strong><span style=\"color: #000000;\">Alianza para el Progreso<\/span><\/strong><\/p>\n<p><span style=\"color: #000000;\">El excongresista C\u00e9sar Acu\u00f1a Peralta inscribi\u00f3 su precandidatura a la Presidencia en una f\u00f3rmula completada por Carmen Omonte y Luis Iberico.<\/span><\/p>\n<p><strong><span style=\"color: #000000;\">Partido Nacionalista<\/span><\/strong><\/p>\n<p><span style=\"color: #000000;\">El expresidente Ollanta Humala Tasso inscribi\u00f3 su precandidatura, la cual estar\u00e1 acompa\u00f1ada por Ana Mar\u00eda Salinas, como precandidata a la primera vicepresidencia, y Alberto Ot\u00e1rola, en la segunda vicepresidencia.<\/span><\/p>\n<p><strong><span style=\"color: #000000;\">Somos Per\u00fa<\/span><\/strong><\/p>\n<p><span style=\"color: #000000;\">Posee una sola lista, liderada por el excongresista Daniel Salaverry, con Matilde Fern\u00e1ndez como precandidata a la primera vicepresidencia y el congresista Jorge Luis P\u00e9rez Flores, a la segunda vicepresidencia.<\/span><\/p>\n<p><strong><span style=\"color: #000000;\">Avanza Pa\u00eds<\/span><\/strong><\/p>\n<p><span style=\"color: #000000;\">El economista Hernando de Soto es el pre candidato presidencial en una f\u00f3rmula que integra junto con Corinne Flores y Jaime Salom\u00f3n.<\/span><\/p>\n<p><strong><span style=\"color: #000000;\">Per\u00fa Naci\u00f3n<\/span><\/strong><\/p>\n<p><span style=\"color: #000000;\">Tiene como pre candidato presidencial a Francisco Diez Canseco, cuya f\u00f3rmula completan Nancy C\u00e1ceres y Manuel Salazar.<\/span><\/p>\n<p><strong><span style=\"color: #000000;\">Frente Amplio<\/span><\/strong><\/p>\n<p><span style=\"color: #000000;\">A la fecha se conoce la precandidatura del excongresista Marco Arana.<\/span><\/p>\n<p><strong><span style=\"color: #000000;\">Frente Patri\u00f3tico-Vamos Per\u00fa<\/span><\/strong><\/p>\n<p><span style=\"color: #000000;\">Tiene una sola lista, encabezada por el exparlamentario Virgilio Acu\u00f1a.<\/span><\/p>\n","protected":false},"excerpt":{"rendered":"<p>Lima, 31 Octubre 2020, (ANDINA).- Hoy vence el plazo para que los partidos presenten a la Oficina Nacional de Procesos Electorales (ONPE) la lista de precandidatos que participar\u00e1n en sus comicios internos con miras al proceso electoral de abril del 2021. Estos son los que se conocen a la fecha. Renacimiento Unido Nacional El exlegislador [&hellip;]<\/p>\n","protected":false},"author":1,"featured_media":84093,"comment_status":"open","ping_status":"open","sticky":false,"template":"","format":"standard","meta":{"rop_custom_images_group":[],"rop_custom_messages_group":[],"rop_publish_now":"initial","rop_publish_now_accounts":[],"rop_publish_now_history":[],"rop_publish_now_status":"pending","footnotes":""},"categories":[5,5745],"tags":[5461,184,185,150],"class_list":["post-85645","post","type-post","status-publish","format-standard","has-post-thumbnail","hentry","category-actualidad-informativa","category-lo-ultimo","tag-elecciones-2021","tag-jne","tag-jurado-nacional-de-elecciones","tag-onpe"],"_links":{"self":[{"href":"https:\/\/elinformanteperu.com\/index.php\/wp-json\/wp\/v2\/posts\/85645","targetHints":{"allow":["GET"]}}],"collection":[{"href":"https:\/\/elinformanteperu.com\/index.php\/wp-json\/wp\/v2\/posts"}],"about":[{"href":"https:\/\/elinformanteperu.com\/index.php\/wp-json\/wp\/v2\/types\/post"}],"author":[{"embeddable":true,"href":"https:\/\/elinformanteperu.com\/index.php\/wp-json\/wp\/v2\/users\/1"}],"replies":[{"embeddable":true,"href":"https:\/\/elinformanteperu.com\/index.php\/wp-json\/wp\/v2\/comments?post=85645"}],"version-history":[{"count":1,"href":"https:\/\/elinformanteperu.com\/index.php\/wp-json\/wp\/v2\/posts\/85645\/revisions"}],"predecessor-version":[{"id":85646,"href":"https:\/\/elinformanteperu.com\/index.php\/wp-json\/wp\/v2\/posts\/85645\/revisions\/85646"}],"wp:featuredmedia":[{"embeddable":true,"href":"https:\/\/elinformanteperu.com\/index.php\/wp-json\/wp\/v2\/media\/84093"}],"wp:attachment":[{"href":"https:\/\/elinformanteperu.com\/index.php\/wp-json\/wp\/v2\/media?parent=85645"}],"wp:term":[{"taxonomy":"category","embeddable":true,"href":"https:\/\/elinformanteperu.com\/index.php\/wp-json\/wp\/v2\/categories?post=85645"},{"taxonomy":"post_tag","embeddable":true,"href":"https:\/\/elinformanteperu.com\/index.php\/wp-json\/wp\/v2\/tags?post=85645"}],"curies":[{"name":"wp","href":"https:\/\/api.w.org\/{rel}","templated":true}]}}