{"id":85639,"date":"2020-10-31T23:14:17","date_gmt":"2020-11-01T04:14:17","guid":{"rendered":"https:\/\/elinformanteperu.com\/?p=85639"},"modified":"2020-10-31T23:14:17","modified_gmt":"2020-11-01T04:14:17","slug":"consejos-para-ser-empleables-en-esta-era-digital","status":"publish","type":"post","link":"https:\/\/elinformanteperu.com\/index.php\/2020\/10\/31\/consejos-para-ser-empleables-en-esta-era-digital\/","title":{"rendered":"Consejos para ser empleables en esta era digital"},"content":{"rendered":"<p><strong><span style=\"color: #000000;\">Las carreras ya dejaron de ser lineales.\u00a0 <\/span><\/strong><strong><span style=\"color: #000000;\">\u00a1Actual\u00edzate!<\/span><\/strong><\/p>\n<p><span style=\"color: #000000;\"><strong>Lima, 31 Octubre 2020, (ANDINA).-<\/strong> Sabemos que el mercado laboral est\u00e1 evolucionando y como consecuencia la empleabilidad tambi\u00e9n; por lo tanto, debemos replantear el enfoque de empleabilidad dentro de este ecosistema digital.<\/span><\/p>\n<p><span style=\"color: #000000;\">La empleabilidad es continua, toca salir de la zona de confort, significa mantenernos atractivos para el mercado interno y externo, es decir, desarrollar competencias y habilidades que este mundo digital necesita.<\/span><\/p>\n<p><span style=\"color: #000000;\">\u00bfPor d\u00f3nde empezar? \u00bfC\u00f3mo prepararnos? La consultora Asociada de LHH DBM Per\u00fa, Ana Mar\u00eda Pajuelo, brinda algunos consejos.<\/span><\/p>\n<p><span style=\"color: #000000;\"><strong>1.- Realiza tu propia radiograf\u00eda y diagn\u00f3stico de tus habilidades, competencias y oportunidades de mejora;<\/strong> eval\u00faa y entiende el contexto, c\u00f3mo se mueve, cu\u00e1les son las nuevas demandas laboral de tu sector, especialidad y d\u00f3nde te encuentras t\u00fa en este momento.<\/span><\/p>\n<p><span style=\"color: #000000;\">Una vez que hayas identificado esas diferencias comienza tu hoja de ruta, prioriza, s\u00e9 estrat\u00e9gico, empieza con tareas cortas y actividades peque\u00f1as que te lleven a un objetivo de mediano y largo plazo.<\/span><\/p>\n<p><span style=\"color: #000000;\"><strong>2.- Actual\u00edzate;<\/strong> nuestras carreras dejaron de ser lineales, muchos de los conocimientos que estudiamos, hoy son obsoletos o fueron reemplazados por tecnolog\u00eda; por lo tanto, dedica tiempo a capacitarte, revisa tendencias, sigue a profesionales referentes a tu especialidad y sector, explora e incluye de preferencia temas digitales, por ejemplo: an\u00e1lisis de datos, trabajo colaborativo, innovaci\u00f3n, nuevos modelos de negocio y c\u00f3mo estas tendencias est\u00e1n asociados a tus sector o profesi\u00f3n.<\/span><\/p>\n<p><span style=\"color: #000000;\"><strong>3.- Teje redes s\u00f3lidas de contacto, de complicidad y de ayuda mutua.<\/strong> No mires solo a los de arriba sino tambi\u00e9n a los lados, con personas que est\u00e9n en tu misma situaci\u00f3n y que pueden complementar las capacidades para trabajar en equipo generando valor a tu comunidad.<\/span><\/p>\n<p><span style=\"color: #000000;\"><strong>4.- Hazte un traje a la medida,<\/strong> capitaliza todos lo que sabes, tus experiencias, tus intereses y explora las intersecciones con las necesidades que hoy se requieren.<\/span><\/p>\n<p><span style=\"color: #000000;\"><strong>5.- Humaniza tus interacciones,<\/strong> desarrolla y fortalece habilidades humanas como la empat\u00eda, calidez y carisma, hoy m\u00e1s que nunca son valoradas en este mundo virtual.<\/span><\/p>\n<p><span style=\"color: #000000;\"><strong>6.- Cuida y construye tu marca personal y reputaci\u00f3n,<\/strong> estamos en el mundo de las im\u00e1genes, tu CV es online y por lo tanto, tienes que darte a conocer en el mundo digital, tu presencia en redes es indispensable; pero es un trabajo constante, atemporal y que genere valor a tu comunidad.<\/span><\/p>\n<p><span style=\"color: #000000;\">Cuando est\u00e9s en redes sociales cuida las normas de Netiqueta, son normas que regulan nuestro comportamiento en el ciberespacio. S\u00e9 coherente en todas tus redes, interact\u00faa siempre de forma respetuosa y c\u00e1lida. Cuida la forma y el fondo de tus contenidos.<\/span><\/p>\n<p><span style=\"color: #000000;\"><strong>7.- Por \u00faltimo, pero no menos importante mant\u00e9n tu eje.<\/strong> Tus valores y tu \u00e9tica profesional no son negociables, ser correcto trasciende a la vida f\u00edsica y virtual.<\/span><\/p>\n<p><span style=\"color: #000000;\">\u201c\u00bfY frente a todo esto, qu\u00e9 actitud o postura vas a tener en este mundo digital? Te invito a que reflexiones y te hagas responsable de tu empleabilidad\u201d, puntualiz\u00f3 la especialista.<\/span><\/p>\n","protected":false},"excerpt":{"rendered":"<p>Las carreras ya dejaron de ser lineales.\u00a0 \u00a1Actual\u00edzate! Lima, 31 Octubre 2020, (ANDINA).- Sabemos que el mercado laboral est\u00e1 evolucionando y como consecuencia la empleabilidad tambi\u00e9n; por lo tanto, debemos replantear el enfoque de empleabilidad dentro de este ecosistema digital. La empleabilidad es continua, toca salir de la zona de confort, significa mantenernos atractivos para [&hellip;]<\/p>\n","protected":false},"author":1,"featured_media":85640,"comment_status":"open","ping_status":"open","sticky":false,"template":"","format":"standard","meta":{"rop_custom_images_group":[],"rop_custom_messages_group":[],"rop_publish_now":"initial","rop_publish_now_accounts":[],"rop_publish_now_history":[],"rop_publish_now_status":"pending","footnotes":""},"categories":[10,5746,21],"tags":[],"class_list":["post-85639","post","type-post","status-publish","format-standard","has-post-thumbnail","hentry","category-actualidad-municipal","category-foto-noticias","category-orientacion"],"_links":{"self":[{"href":"https:\/\/elinformanteperu.com\/index.php\/wp-json\/wp\/v2\/posts\/85639","targetHints":{"allow":["GET"]}}],"collection":[{"href":"https:\/\/elinformanteperu.com\/index.php\/wp-json\/wp\/v2\/posts"}],"about":[{"href":"https:\/\/elinformanteperu.com\/index.php\/wp-json\/wp\/v2\/types\/post"}],"author":[{"embeddable":true,"href":"https:\/\/elinformanteperu.com\/index.php\/wp-json\/wp\/v2\/users\/1"}],"replies":[{"embeddable":true,"href":"https:\/\/elinformanteperu.com\/index.php\/wp-json\/wp\/v2\/comments?post=85639"}],"version-history":[{"count":1,"href":"https:\/\/elinformanteperu.com\/index.php\/wp-json\/wp\/v2\/posts\/85639\/revisions"}],"predecessor-version":[{"id":85641,"href":"https:\/\/elinformanteperu.com\/index.php\/wp-json\/wp\/v2\/posts\/85639\/revisions\/85641"}],"wp:featuredmedia":[{"embeddable":true,"href":"https:\/\/elinformanteperu.com\/index.php\/wp-json\/wp\/v2\/media\/85640"}],"wp:attachment":[{"href":"https:\/\/elinformanteperu.com\/index.php\/wp-json\/wp\/v2\/media?parent=85639"}],"wp:term":[{"taxonomy":"category","embeddable":true,"href":"https:\/\/elinformanteperu.com\/index.php\/wp-json\/wp\/v2\/categories?post=85639"},{"taxonomy":"post_tag","embeddable":true,"href":"https:\/\/elinformanteperu.com\/index.php\/wp-json\/wp\/v2\/tags?post=85639"}],"curies":[{"name":"wp","href":"https:\/\/api.w.org\/{rel}","templated":true}]}}