{"id":85633,"date":"2020-10-31T23:07:21","date_gmt":"2020-11-01T04:07:21","guid":{"rendered":"https:\/\/elinformanteperu.com\/?p=85633"},"modified":"2020-10-31T23:07:21","modified_gmt":"2020-11-01T04:07:21","slug":"identifican-mas-de-1-millon-de-unidades-productivas-que-se-desempenan-de-manera-informal","status":"publish","type":"post","link":"https:\/\/elinformanteperu.com\/index.php\/2020\/10\/31\/identifican-mas-de-1-millon-de-unidades-productivas-que-se-desempenan-de-manera-informal\/","title":{"rendered":"Identifican m\u00e1s de 1 mill\u00f3n de unidades productivas que se desempe\u00f1an de manera informal"},"content":{"rendered":"<p><strong><span style=\"color: #000000;\">Se encuentran en los sectores de pesca, acuicultura, manufactura, comercio y servicios<\/span><\/strong><\/p>\n<p><span style=\"color: #000000;\"><strong>Lima, 31 Octubre 2020, (ANDINA).-<\/strong> Alrededor de un mill\u00f3n 100,000 unidades empresariales se desempe\u00f1an de manera informal en el pa\u00eds, inform\u00f3 el viceministro de Mype del Ministerio de la Producci\u00f3n (Produce), Wilson Falen.<\/span><\/p>\n<p><span style=\"color: #000000;\">Sostuvo que el Produce viene orientando sus estrategias de constituci\u00f3n empresarial para lograr la formalizaci\u00f3n progresiva de este gran bols\u00f3n de unidades empresariales informales a trav\u00e9s de un Plan de Desarrollo de la Unidad Productiva Informal y mediante la ejecuci\u00f3n de diversas acciones sectoriales.<\/span><\/p>\n<p><span style=\"color: #000000;\">Falen coment\u00f3 que el equipo t\u00e9cnico del ministerio determin\u00f3 que estas unidades empresariales informales que operan en el pa\u00eds est\u00e1n concentradas en mercados de abasto, bodegas, restaurantes, as\u00ed como en los rubros sectoriales de metal mec\u00e1nica, textil confecci\u00f3n, cuero y calzado, madera y pl\u00e1stico, adem\u00e1s de las dedicadas a la pesca artesanal y acuicultura.<\/span><\/p>\n<p><span style=\"color: #000000;\">Tambi\u00e9n puedes leer: Cr\u00e9dito a mypes registra crecimiento m\u00e1s alto en los \u00faltimos 10 a\u00f1os<\/span><\/p>\n<p><span style=\"color: #000000;\">\u201cBuscamos llegar a estas unidades empresariales informales con una estrategia sectorial integral que nos permita constituirlas y hacerles seguimiento por etapas\u201d, manifest\u00f3 el funcionario.<\/span><\/p>\n<p><span style=\"color: #000000;\">Agreg\u00f3 que dichas unidades se encuentran conformadas por grupos de personas que se dedican a actividades econ\u00f3micas empresariales, pero que a\u00fan no se encuentran formalizadas.<\/span><\/p>\n<p><span style=\"color: #000000;\">\u201cPara la ejecuci\u00f3n de esta estrategia, el sector trabaja en diversos frentes, coordinando acciones con los gobiernos locales, regionales y buscando oportunidades con la banca privada, as\u00ed como la participaci\u00f3n del gobierno nacional a trav\u00e9s del Ministerio de Econom\u00eda y Finanzas (MEF)\u201d, precis\u00f3.<\/span><\/p>\n<p><strong><span style=\"color: #000000;\">Incentivos<\/span><\/strong><\/p>\n<p><span style=\"color: #000000;\">Para buscar la constituci\u00f3n de estas unidades productivas empresariales, El viceministro de Mype asever\u00f3 que se eval\u00faan incentivos, as\u00ed como ajustes en costos administrativos y otros tr\u00e1mites.<\/span><\/p>\n<p><span style=\"color: #000000;\">La etapa inicial de constituci\u00f3n empresarial implicar\u00e1 el acompa\u00f1amiento por parte del sector a trav\u00e9s del acceso a fuentes de financiamiento y otras herramientas financieras como el FAE, el factoring, orden de compra, y otros fondos disponibles; as\u00ed como asistencia y capacitaci\u00f3n en gesti\u00f3n, digitalizaci\u00f3n y puesta en vitrina mediante ferias itinerantes.<\/span><\/p>\n<p><span style=\"color: #000000;\">\u201cLa idea es acompa\u00f1ar a las mype desde el inicio del proceso, hacerles seguimiento para que puedan conseguir sostenibilidad. La implementaci\u00f3n se realizar\u00e1 en el corto, mediano y largo plazo con el acompa\u00f1amiento, asesoramiento y asistencia del programa nacional Tu Empresa, el Instituto Nacional de Calidad (Inacal), el Instituto Tecnol\u00f3gico de la Producci\u00f3n, Inn\u00f3vate Per\u00fa, entre otros programas y direcciones del Produce\u201d, puntualiz\u00f3.<\/span><\/p>\n","protected":false},"excerpt":{"rendered":"<p>Se encuentran en los sectores de pesca, acuicultura, manufactura, comercio y servicios Lima, 31 Octubre 2020, (ANDINA).- Alrededor de un mill\u00f3n 100,000 unidades empresariales se desempe\u00f1an de manera informal en el pa\u00eds, inform\u00f3 el viceministro de Mype del Ministerio de la Producci\u00f3n (Produce), Wilson Falen. Sostuvo que el Produce viene orientando sus estrategias de constituci\u00f3n [&hellip;]<\/p>\n","protected":false},"author":1,"featured_media":85634,"comment_status":"open","ping_status":"open","sticky":false,"template":"","format":"standard","meta":{"rop_custom_images_group":[],"rop_custom_messages_group":[],"rop_publish_now":"initial","rop_publish_now_accounts":[],"rop_publish_now_history":[],"rop_publish_now_status":"pending","footnotes":""},"categories":[10],"tags":[4112,747,640,2539],"class_list":["post-85633","post","type-post","status-publish","format-standard","has-post-thumbnail","hentry","category-actualidad-municipal","tag-inacal","tag-ministerio-de-la-produccion","tag-mypes","tag-produce"],"_links":{"self":[{"href":"https:\/\/elinformanteperu.com\/index.php\/wp-json\/wp\/v2\/posts\/85633","targetHints":{"allow":["GET"]}}],"collection":[{"href":"https:\/\/elinformanteperu.com\/index.php\/wp-json\/wp\/v2\/posts"}],"about":[{"href":"https:\/\/elinformanteperu.com\/index.php\/wp-json\/wp\/v2\/types\/post"}],"author":[{"embeddable":true,"href":"https:\/\/elinformanteperu.com\/index.php\/wp-json\/wp\/v2\/users\/1"}],"replies":[{"embeddable":true,"href":"https:\/\/elinformanteperu.com\/index.php\/wp-json\/wp\/v2\/comments?post=85633"}],"version-history":[{"count":1,"href":"https:\/\/elinformanteperu.com\/index.php\/wp-json\/wp\/v2\/posts\/85633\/revisions"}],"predecessor-version":[{"id":85635,"href":"https:\/\/elinformanteperu.com\/index.php\/wp-json\/wp\/v2\/posts\/85633\/revisions\/85635"}],"wp:featuredmedia":[{"embeddable":true,"href":"https:\/\/elinformanteperu.com\/index.php\/wp-json\/wp\/v2\/media\/85634"}],"wp:attachment":[{"href":"https:\/\/elinformanteperu.com\/index.php\/wp-json\/wp\/v2\/media?parent=85633"}],"wp:term":[{"taxonomy":"category","embeddable":true,"href":"https:\/\/elinformanteperu.com\/index.php\/wp-json\/wp\/v2\/categories?post=85633"},{"taxonomy":"post_tag","embeddable":true,"href":"https:\/\/elinformanteperu.com\/index.php\/wp-json\/wp\/v2\/tags?post=85633"}],"curies":[{"name":"wp","href":"https:\/\/api.w.org\/{rel}","templated":true}]}}