{"id":85631,"date":"2020-10-31T23:03:29","date_gmt":"2020-11-01T04:03:29","guid":{"rendered":"https:\/\/elinformanteperu.com\/?p=85631"},"modified":"2020-10-31T23:03:29","modified_gmt":"2020-11-01T04:03:29","slug":"gore-callao-y-ampe-impulsaran-proyecto-de-ley-contra-la-delincuencia","status":"publish","type":"post","link":"https:\/\/elinformanteperu.com\/index.php\/2020\/10\/31\/gore-callao-y-ampe-impulsaran-proyecto-de-ley-contra-la-delincuencia\/","title":{"rendered":"Gore Callao y Ampe impulsar\u00e1n proyecto de ley contra la delincuencia"},"content":{"rendered":"<p><strong><span style=\"color: #000000;\">Ante el Congreso de la Rep\u00fablica<\/span><\/strong><\/p>\n<p><span style=\"color: #000000;\"><strong>Lima, 31 Octubre 2020, (ANDINA).-<\/strong> La Asociaci\u00f3n de Municipalidades del Per\u00fa (Ampe) anunci\u00f3 su respaldo al proyecto que impulsa el gobierno regional del Callao y que propone que los gobiernos regionales puedan destinar parte de su presupuesto p\u00fablico a gastos corrientes para fortalecer la lucha contra la delincuencia.<\/span><\/p>\n<p><span style=\"color: #000000;\">As\u00ed inform\u00f3 el gerente de Defensa Nacional, Defensa Civil y Seguridad Ciudadana de la regi\u00f3n Callao, Jos\u00e9 Sosa Dulanto-Badiola, tras una reuni\u00f3n virtual con el presidente de la Ampe, \u00c1lvaro Paz de la Barra.<\/span><\/p>\n<p><span style=\"color: #000000;\">Dijo que en la reuni\u00f3n acordaron impulsar dicha propuesta y presentarla en los pr\u00f3ximos d\u00edas en las comisiones de Presupuesto y Defensa Nacional del Congreso de la Rep\u00fablica.<\/span><\/p>\n<p><span style=\"color: #000000;\">Sosa destac\u00f3 que la medida forma parte de una estrategia integral dise\u00f1ada por el gobernador regional del Callao, Dante Mandriotti Castro, para fortalecer la seguridad ciudadana, que permitir\u00e1 \u201chacer gasto corriente en materia de seguridad, como comprar d\u00edas de franco de polic\u00edas, ayudar con la remodelaci\u00f3n de comisar\u00edas e intervenir en el mantenimiento de patrulleros\u201d.<\/span><\/p>\n<p><span style=\"color: #000000;\">\u201cEl Ministerio del Interior (Mininter) acogi\u00f3 esta medida y el mismo titular del sector pidi\u00f3 a un equipo de asesores que nos apoyen\u201d, subray\u00f3 Sosa, en representaci\u00f3n de Mandriotti.<\/span><\/p>\n<p><span style=\"color: #000000;\">Paz de la Barra, tambi\u00e9n alcalde del distrito de La Molina, dijo que, de concretarse la estrategia, ser\u00eda una ayuda importante para las municipalidades que a veces no tienen suficientes recursos para enfrentar a la delincuencia.<\/span><\/p>\n<p><span style=\"color: #000000;\">\u201cEsto tambi\u00e9n ser\u00eda una especie de ox\u00edgeno para las disminuidas arcas de las municipalidades distritales, a efectos de poder solventar y garantizar la seguridad ciudadana.<\/span><\/p>\n<p><span style=\"color: #000000;\">M\u00e1s ahora cuando el Ejecutivo est\u00e1 disminuyendo el presupuesto del sector Interior es importante el apoyo de las regiones. Esta medida debe correr e implementarse en la pr\u00e1ctica\u201d, enfatiz\u00f3.<\/span><\/p>\n","protected":false},"excerpt":{"rendered":"<p>Ante el Congreso de la Rep\u00fablica Lima, 31 Octubre 2020, (ANDINA).- La Asociaci\u00f3n de Municipalidades del Per\u00fa (Ampe) anunci\u00f3 su respaldo al proyecto que impulsa el gobierno regional del Callao y que propone que los gobiernos regionales puedan destinar parte de su presupuesto p\u00fablico a gastos corrientes para fortalecer la lucha contra la delincuencia. As\u00ed [&hellip;]<\/p>\n","protected":false},"author":1,"featured_media":56844,"comment_status":"open","ping_status":"open","sticky":false,"template":"","format":"standard","meta":{"rop_custom_images_group":[],"rop_custom_messages_group":[],"rop_publish_now":"initial","rop_publish_now_accounts":[],"rop_publish_now_history":[],"rop_publish_now_status":"pending","footnotes":""},"categories":[10],"tags":[770,535,5280,330],"class_list":["post-85631","post","type-post","status-publish","format-standard","has-post-thumbnail","hentry","category-actualidad-municipal","tag-ampe","tag-callao","tag-dante-mandriotti","tag-gobierno-regional-del-callao"],"_links":{"self":[{"href":"https:\/\/elinformanteperu.com\/index.php\/wp-json\/wp\/v2\/posts\/85631","targetHints":{"allow":["GET"]}}],"collection":[{"href":"https:\/\/elinformanteperu.com\/index.php\/wp-json\/wp\/v2\/posts"}],"about":[{"href":"https:\/\/elinformanteperu.com\/index.php\/wp-json\/wp\/v2\/types\/post"}],"author":[{"embeddable":true,"href":"https:\/\/elinformanteperu.com\/index.php\/wp-json\/wp\/v2\/users\/1"}],"replies":[{"embeddable":true,"href":"https:\/\/elinformanteperu.com\/index.php\/wp-json\/wp\/v2\/comments?post=85631"}],"version-history":[{"count":1,"href":"https:\/\/elinformanteperu.com\/index.php\/wp-json\/wp\/v2\/posts\/85631\/revisions"}],"predecessor-version":[{"id":85632,"href":"https:\/\/elinformanteperu.com\/index.php\/wp-json\/wp\/v2\/posts\/85631\/revisions\/85632"}],"wp:featuredmedia":[{"embeddable":true,"href":"https:\/\/elinformanteperu.com\/index.php\/wp-json\/wp\/v2\/media\/56844"}],"wp:attachment":[{"href":"https:\/\/elinformanteperu.com\/index.php\/wp-json\/wp\/v2\/media?parent=85631"}],"wp:term":[{"taxonomy":"category","embeddable":true,"href":"https:\/\/elinformanteperu.com\/index.php\/wp-json\/wp\/v2\/categories?post=85631"},{"taxonomy":"post_tag","embeddable":true,"href":"https:\/\/elinformanteperu.com\/index.php\/wp-json\/wp\/v2\/tags?post=85631"}],"curies":[{"name":"wp","href":"https:\/\/api.w.org\/{rel}","templated":true}]}}