{"id":85621,"date":"2020-10-31T22:53:51","date_gmt":"2020-11-01T03:53:51","guid":{"rendered":"https:\/\/elinformanteperu.com\/?p=85621"},"modified":"2020-10-31T22:53:51","modified_gmt":"2020-11-01T03:53:51","slug":"conoce-algunas-recomendaciones-para-viajar-en-esta-pandemia","status":"publish","type":"post","link":"https:\/\/elinformanteperu.com\/index.php\/2020\/10\/31\/conoce-algunas-recomendaciones-para-viajar-en-esta-pandemia\/","title":{"rendered":"Conoce algunas recomendaciones para viajar en esta pandemia"},"content":{"rendered":"<p><span style=\"color: #000000;\"><strong>Lima, 31 Octubre 2020, (ANDINA).-<\/strong> Este 1 de noviembre se abrir\u00e1n nuevas rutas de vuelos internacionales por disposici\u00f3n del Ministerio de Transportes y Comunicaciones, a esto se suma el inicio de los viajes terrestres y a\u00e9reos dentro de nuestro territorio, situaci\u00f3n que contribuir\u00e1 a reactivar la econom\u00eda.<\/span><\/p>\n<p><span style=\"color: #000000;\">Sin embargo, el peligro de contagiarse de covid-19 dentro de los veh\u00edculos que servir\u00e1n para transportar a las personas es muy alto, as\u00ed lo se\u00f1ala el docente de la Universidad C\u00e9sar Vallejo, Miguel Tresierra.<\/span><\/p>\n<p><span style=\"color: #000000;\">Para el especialista en epidemiolog\u00eda, la primera recomendaci\u00f3n que debe seguirse, de forma estricta y rigurosa, es la de respetar los protocolos de bioseguridad establecidos por las propias agencias de transporte, los mismos que deber\u00e1 tener en cuenta antes, durante y despu\u00e9s del viaje.<\/span><\/p>\n<p><span style=\"color: #000000;\">\u201cEs importante tomar en cuenta que, si alguien piensa viajar, que sea porque es estrictamente necesario. Adem\u00e1s, se debe verificar la tasa de contagio que tiene el lugar a d\u00f3nde se piensa llegar; y evaluar los riesgos personales, en el caso de enfermar gravemente si se contagian\u201d, indic\u00f3.<\/span><\/p>\n<p><span style=\"color: #000000;\">\u201cTambi\u00e9n deben escoger agencias que cumplan con las normas de bioseguridad\u201d, a\u00f1adi\u00f3.<\/span><\/p>\n<p><span style=\"color: #000000;\">Algunos puntos que el experto considera indispensables son los siguientes:<\/span><\/p>\n<p><span style=\"color: #000000;\">Usar mascarilla permanentemente.<\/span><br \/>\n<span style=\"color: #000000;\">Evitar la conversaci\u00f3n directa con una persona que no est\u00e9 usando mascarilla.<\/span><br \/>\n<span style=\"color: #000000;\">Procurar viajar de d\u00eda para poder abrir las ventanas y ventilar el interior del bus.<\/span><br \/>\n<span style=\"color: #000000;\">Exigir viajar sin otro pasajero al lado.<\/span><br \/>\n<span style=\"color: #000000;\">Portar siempre un recipiente de mano con alcohol en gel o alguna soluci\u00f3n antis\u00e9ptica por si no pudiera lavarse las manos <\/span><br \/>\n<span style=\"color: #000000;\">Exigir se guarde la distancia f\u00edsica (2 metros lineales).<\/span><\/p>\n<p><span style=\"color: #000000;\">\u201cSiempre debemos de usar la mascarilla, en cualquier circunstancia fuera de casa. Cuando viajemos y lleguemos a nuestro destino, se debe evitar tener contacto con las personas a quienes se visita. Es recomendable tener mucho cuidado y guardar aislamiento siete d\u00edas desde la llegada\u201d, resalt\u00f3 el docente.<\/span><\/p>\n<p><span style=\"color: #000000;\">Adem\u00e1s, llam\u00f3 a la reflexi\u00f3n, para que la poblaci\u00f3n respete las medidas de bioseguridad, y as\u00ed continuar con la vida en \u201cotra normalidad\u201d.<\/span><\/p>\n<p><span style=\"color: #000000;\">\u00abLo problem\u00e1tico es que la poblaci\u00f3n no obedece reglas, se aglomera, no usa mascarillas, habla a gritos para exigir y el lavado de manos no se hace costumbre. Esa situaci\u00f3n se debe cambiar\u201d, manifest\u00f3.<\/span><\/p>\n","protected":false},"excerpt":{"rendered":"<p>Lima, 31 Octubre 2020, (ANDINA).- Este 1 de noviembre se abrir\u00e1n nuevas rutas de vuelos internacionales por disposici\u00f3n del Ministerio de Transportes y Comunicaciones, a esto se suma el inicio de los viajes terrestres y a\u00e9reos dentro de nuestro territorio, situaci\u00f3n que contribuir\u00e1 a reactivar la econom\u00eda. Sin embargo, el peligro de contagiarse de covid-19 [&hellip;]<\/p>\n","protected":false},"author":1,"featured_media":85622,"comment_status":"open","ping_status":"open","sticky":false,"template":"","format":"standard","meta":{"rop_custom_images_group":[],"rop_custom_messages_group":[],"rop_publish_now":"initial","rop_publish_now_accounts":[],"rop_publish_now_history":[],"rop_publish_now_status":"pending","footnotes":""},"categories":[10,5746,5745,21],"tags":[3244,5236,5364],"class_list":["post-85621","post","type-post","status-publish","format-standard","has-post-thumbnail","hentry","category-actualidad-municipal","category-foto-noticias","category-lo-ultimo","category-orientacion","tag-aeropuerto-internacional-jorge-chavez","tag-coronavirus","tag-covid-19"],"_links":{"self":[{"href":"https:\/\/elinformanteperu.com\/index.php\/wp-json\/wp\/v2\/posts\/85621","targetHints":{"allow":["GET"]}}],"collection":[{"href":"https:\/\/elinformanteperu.com\/index.php\/wp-json\/wp\/v2\/posts"}],"about":[{"href":"https:\/\/elinformanteperu.com\/index.php\/wp-json\/wp\/v2\/types\/post"}],"author":[{"embeddable":true,"href":"https:\/\/elinformanteperu.com\/index.php\/wp-json\/wp\/v2\/users\/1"}],"replies":[{"embeddable":true,"href":"https:\/\/elinformanteperu.com\/index.php\/wp-json\/wp\/v2\/comments?post=85621"}],"version-history":[{"count":1,"href":"https:\/\/elinformanteperu.com\/index.php\/wp-json\/wp\/v2\/posts\/85621\/revisions"}],"predecessor-version":[{"id":85623,"href":"https:\/\/elinformanteperu.com\/index.php\/wp-json\/wp\/v2\/posts\/85621\/revisions\/85623"}],"wp:featuredmedia":[{"embeddable":true,"href":"https:\/\/elinformanteperu.com\/index.php\/wp-json\/wp\/v2\/media\/85622"}],"wp:attachment":[{"href":"https:\/\/elinformanteperu.com\/index.php\/wp-json\/wp\/v2\/media?parent=85621"}],"wp:term":[{"taxonomy":"category","embeddable":true,"href":"https:\/\/elinformanteperu.com\/index.php\/wp-json\/wp\/v2\/categories?post=85621"},{"taxonomy":"post_tag","embeddable":true,"href":"https:\/\/elinformanteperu.com\/index.php\/wp-json\/wp\/v2\/tags?post=85621"}],"curies":[{"name":"wp","href":"https:\/\/api.w.org\/{rel}","templated":true}]}}