{"id":85618,"date":"2020-10-31T22:51:21","date_gmt":"2020-11-01T03:51:21","guid":{"rendered":"https:\/\/elinformanteperu.com\/?p=85618"},"modified":"2020-10-31T22:51:21","modified_gmt":"2020-11-01T03:51:21","slug":"aconsejan-que-fieles-asistan-a-iglesias-con-mascarilla-y-protector-facial","status":"publish","type":"post","link":"https:\/\/elinformanteperu.com\/index.php\/2020\/10\/31\/aconsejan-que-fieles-asistan-a-iglesias-con-mascarilla-y-protector-facial\/","title":{"rendered":"Aconsejan que fieles asistan a iglesias con mascarilla y protector facial"},"content":{"rendered":"<p><span style=\"color: #000000;\"><strong>Lima, 31 Octubre 2020, (ANDINA).-<\/strong> Los fieles deben acudir a las iglesias no solo con mascarilla sino con protector facial para reducir cualquier posibilidad de contagio del coronavirus, aconsej\u00f3 el m\u00e9dico epidemi\u00f3logo Manuel Loayza.<\/span><\/p>\n<p><span style=\"color: #000000;\">Consultado sobre las medidas que debe adoptar la poblaci\u00f3n ante el pr\u00f3ximo reinicio de actividades en las iglesias, el docente de posgrado de la Universidad Norber Wiener indic\u00f3 que el uso de la mascarilla y el protector facial a la vez disminuye en 95% la posibilidad de un contagio en ambientes casi cerrados como una iglesia.<\/span><\/p>\n<p><span style=\"color: #000000;\">\u00abEn la iglesia uno suele cantar y hasta gritar y las part\u00edculas que expulsamos de la boca salen con mayor fuerza. Si no tenemos la debida protecci\u00f3n, eso podr\u00eda generar un contagio. Entonces es importante que los fieles usen la mascarilla y el protector para que est\u00e9n protegidos contra esas part\u00edculas\u00bb, refiri\u00f3 en el programa Salud y Bienestar de la agencia Andina.<\/span><\/p>\n<p><span style=\"color: #000000;\">Recomend\u00f3 igualmente a los fieles llevar siempre alcohol en gel para limpiarse las manos en caso tengan alg\u00fan contacto involuntario con otras personas, o cuando se toque alguna imagen o se dejen las monedas como limosnas. \u00abEsos contactos pueden tambi\u00e9n traer alguna forma de contagio\u00bb, anot\u00f3.<\/span><\/p>\n<p><span style=\"color: #000000;\">Loayza dijo que las iglesias deben abrir sus puertas de par en par y no a medias, lo que permitir\u00e1 un mejor tr\u00e1nsito de las personas que ingresan o salen y tambi\u00e9n ayudar\u00e1 a tener ventilado el ambiente, tal como aconsejan las autoridades sanitarias.<\/span><\/p>\n<p><span style=\"color: #000000;\">Pidi\u00f3 evitar que acudan a la misa o ceremonias religiosas personas que presentan alguna enfermedad respiratoria, como tos o resfr\u00edo, \u00abporque no solamente pueden tener covid-19 sino tambi\u00e9n otros problemas respiratorios que tambi\u00e9n contagian\u00bb.<\/span><\/p>\n<p><span style=\"color: #000000;\">Al referirse a las personas adultas mayores, los principales asistentes a las iglesias, dijo que los familiares deben prestar especial atenci\u00f3n porque se trata de un grupo poblacional que ha estado menos expuesto al virus debido a que no sal\u00edan; sin embargo, a\u00f1adi\u00f3, ahora van a exponerse y salir y por lo tanto tenemos que subir las medidas de control.<\/span><\/p>\n<p><span style=\"color: #000000;\">La ministra de Justicia y Derechos Humanos, Ana Neyra, inform\u00f3 que tras conversaciones con representantes de organizaciones religiosas se acord\u00f3 que la apertura de templos y centros de culto se har\u00e1 en dos etapas, en el marco de la pandemia del nuevo coronavirus.<\/span><\/p>\n<p><span style=\"color: #000000;\">\u201cDesde el 2 de noviembre abrir\u00e1n los templos y lugares de culto para oraci\u00f3n y otros sacramentos. A partir del 15 de noviembre se podr\u00e1n realizar ritos religiosos como misas, bautizos y otros, cumpliendo siempre con todos los protocolos y las medidas sanitarias\u201d.<\/span><\/p>\n","protected":false},"excerpt":{"rendered":"<p>Lima, 31 Octubre 2020, (ANDINA).- Los fieles deben acudir a las iglesias no solo con mascarilla sino con protector facial para reducir cualquier posibilidad de contagio del coronavirus, aconsej\u00f3 el m\u00e9dico epidemi\u00f3logo Manuel Loayza. Consultado sobre las medidas que debe adoptar la poblaci\u00f3n ante el pr\u00f3ximo reinicio de actividades en las iglesias, el docente de [&hellip;]<\/p>\n","protected":false},"author":1,"featured_media":85619,"comment_status":"open","ping_status":"open","sticky":false,"template":"","format":"standard","meta":{"rop_custom_images_group":[],"rop_custom_messages_group":[],"rop_publish_now":"initial","rop_publish_now_accounts":[],"rop_publish_now_history":[],"rop_publish_now_status":"pending","footnotes":""},"categories":[10],"tags":[5374],"class_list":["post-85618","post","type-post","status-publish","format-standard","has-post-thumbnail","hentry","category-actualidad-municipal","tag-peru-estado-de-emergencia"],"_links":{"self":[{"href":"https:\/\/elinformanteperu.com\/index.php\/wp-json\/wp\/v2\/posts\/85618","targetHints":{"allow":["GET"]}}],"collection":[{"href":"https:\/\/elinformanteperu.com\/index.php\/wp-json\/wp\/v2\/posts"}],"about":[{"href":"https:\/\/elinformanteperu.com\/index.php\/wp-json\/wp\/v2\/types\/post"}],"author":[{"embeddable":true,"href":"https:\/\/elinformanteperu.com\/index.php\/wp-json\/wp\/v2\/users\/1"}],"replies":[{"embeddable":true,"href":"https:\/\/elinformanteperu.com\/index.php\/wp-json\/wp\/v2\/comments?post=85618"}],"version-history":[{"count":1,"href":"https:\/\/elinformanteperu.com\/index.php\/wp-json\/wp\/v2\/posts\/85618\/revisions"}],"predecessor-version":[{"id":85620,"href":"https:\/\/elinformanteperu.com\/index.php\/wp-json\/wp\/v2\/posts\/85618\/revisions\/85620"}],"wp:featuredmedia":[{"embeddable":true,"href":"https:\/\/elinformanteperu.com\/index.php\/wp-json\/wp\/v2\/media\/85619"}],"wp:attachment":[{"href":"https:\/\/elinformanteperu.com\/index.php\/wp-json\/wp\/v2\/media?parent=85618"}],"wp:term":[{"taxonomy":"category","embeddable":true,"href":"https:\/\/elinformanteperu.com\/index.php\/wp-json\/wp\/v2\/categories?post=85618"},{"taxonomy":"post_tag","embeddable":true,"href":"https:\/\/elinformanteperu.com\/index.php\/wp-json\/wp\/v2\/tags?post=85618"}],"curies":[{"name":"wp","href":"https:\/\/api.w.org\/{rel}","templated":true}]}}