{"id":85607,"date":"2020-10-31T21:50:28","date_gmt":"2020-11-01T02:50:28","guid":{"rendered":"https:\/\/elinformanteperu.com\/?p=85607"},"modified":"2020-10-31T21:50:28","modified_gmt":"2020-11-01T02:50:28","slug":"ministro-salardi-y-gremios-de-pescadores-de-tacna-e-ilo-acuerdan-trabajo-conjunto","status":"publish","type":"post","link":"https:\/\/elinformanteperu.com\/index.php\/2020\/10\/31\/ministro-salardi-y-gremios-de-pescadores-de-tacna-e-ilo-acuerdan-trabajo-conjunto\/","title":{"rendered":"Ministro Salardi y gremios de pescadores de Tacna e Ilo acuerdan trabajo conjunto"},"content":{"rendered":"<p><strong><span style=\"color: #000000;\">Ministro visit\u00f3 el DPA Morro Sama y su Centro Acu\u00edcola en Tacna <\/span><\/strong><\/p>\n<p><span style=\"color: #000000;\"><strong>Tacna, 31 Octubre 2020, (El Informante Per\u00fa).-<\/strong> Con el compromiso de iniciar desde la pr\u00f3xima semana las mesas t\u00e9cnicas de trabajo que aborden y busquen soluci\u00f3n a los principales problemas de los pescadores artesanales de Tacna e Ilo, as\u00ed cerr\u00f3 su visita al sur del pa\u00eds el ministro de la Producci\u00f3n, Jos\u00e9 Salardi Rodr\u00edguez.<\/span><\/p>\n<p><span style=\"color: #000000;\">\u201cPara empezar a abordar la problem\u00e1tica de cada regi\u00f3n e ir avanzando punto por punto y de manera conjunta, convocaremos al viceministerio de Pesca y Acuicultura, as\u00ed como a los directores encargados. Me he reunido con los representantes de los gremios de pescadores de Tacna e Ilo y hemos quedado en iniciar las mesas t\u00e9cnicas desde la pr\u00f3xima semana\u201d, coment\u00f3 el ministro.<\/span><\/p>\n<p><span style=\"color: #000000;\">Salardi agreg\u00f3 que el objetivo es solucionar, progresivamente, todos los problemas presentados para que los pescadores puedan realizar sus actividades en mejores condiciones laborales.<\/span><\/p>\n<p><span style=\"color: #000000;\">En ese sentido, el titular del sector mencion\u00f3 que la agenda que desarroll\u00f3, tanto en Tacna como Moquegua, tuvo como fin conocer in situ la situaci\u00f3n y llevar toda la informaci\u00f3n y testimonios al equipo t\u00e9cnico responsable.<\/span><\/p>\n<p><span style=\"color: #000000;\">\u201cTengo que tener reuniones con el equipo t\u00e9cnico aparte, visitamos las regiones para ver los temas en campo\u201d, se\u00f1al\u00f3.<\/span><\/p>\n<p><img fetchpriority=\"high\" decoding=\"async\" class=\"aligncenter size-full wp-image-85609\" src=\"https:\/\/elinformanteperu.com\/wp-content\/uploads\/2020\/10\/produccion-salardi-tacna-pescadores.jpg\" alt=\"\" width=\"911\" height=\"510\" srcset=\"https:\/\/elinformanteperu.com\/wp-content\/uploads\/2020\/10\/produccion-salardi-tacna-pescadores.jpg 911w, https:\/\/elinformanteperu.com\/wp-content\/uploads\/2020\/10\/produccion-salardi-tacna-pescadores-300x168.jpg 300w, https:\/\/elinformanteperu.com\/wp-content\/uploads\/2020\/10\/produccion-salardi-tacna-pescadores-768x430.jpg 768w\" sizes=\"(max-width: 911px) 100vw, 911px\" \/><\/p>\n<p><strong><span style=\"color: #000000;\">Visita a Desembarcaderos Pesqueros Artesanales<\/span><\/strong><\/p>\n<p><span style=\"color: #000000;\">Por la ma\u00f1ana, el ministro Salardi lleg\u00f3 al Desembarcadero Pesquero Artesanal (DPA) Morro Sama en Tacna para supervisar los trabajos adicionales a las obras complementarias del mismo, que incluyen el cambio de biodigestores para la mejora de sus instalaciones sanitarias.<\/span><\/p>\n<p><span style=\"color: #000000;\">Asimismo, horas m\u00e1s tarde arrib\u00f3 a Moquegua para conocer las obras de mejoramiento de los servicios del DPA Ilo, que representan una inversi\u00f3n de m\u00e1s de S\/ 27 millones y beneficiar\u00e1n a m\u00e1s de 12 000 habitantes de la regi\u00f3n.<\/span><\/p>\n<p><span style=\"color: #000000;\">\u201cProyectamos en diciembre poner en operaci\u00f3n este desembarcadero, previa marcha blanca y pruebas. Estamos en el \u00faltimo tramo, avanzando a toda velocidad, empleando los protocolos de bioseguridad. Tenemos todos los equipos aqu\u00ed, es cuesti\u00f3n de empezar a instalarlos para tener operando el DPA\u201d, manifest\u00f3 el ministro.<\/span><\/p>\n<p><span style=\"color: #000000;\">Salardi acot\u00f3 que esta obra es importante por la modernizaci\u00f3n que implementar\u00e1, la misma que responde al cambio de condiciones y el crecimiento de la flota. Dijo, adem\u00e1s, que este DPA buscar\u00e1 fomentar el desarrollo sostenible de la regi\u00f3n.<\/span><\/p>\n<p><span style=\"color: #000000;\">En tanto, a\u00f1adi\u00f3 que ha tenido conversaciones con el Gobierno regional de Moquegua y existe un compromiso mutuo por desarrollar infraestructuras para el bienestar de los pescadores.<\/span><\/p>\n<p><span style=\"color: #000000;\">En esa l\u00ednea, tambi\u00e9n visit\u00f3 el terreno donde se prev\u00e9 instalar una nueva infraestructura del DPA Ilo.<\/span><\/p>\n<p><span style=\"color: #000000;\">\u201cAhora estamos yendo a ver el terreno potencial que hay para el desembarcadero y conocer tambi\u00e9n los convenios respectivos que viabilicen la obra. La idea es en enero poder empezar con la formulaci\u00f3n de los estudios de preinversi\u00f3n\u201d, enfatiz\u00f3.<\/span><\/p>\n<p><span style=\"color: #000000;\">Durante estas actividades acompa\u00f1aron al ministro el jefe del Fondo Nacional de Desarrollo Pesquero (Fondepes), \u00c1lvaro Reinoso, y el presidente ejecutivo del Organismo Nacional de Sanidad Pesquera (Sanipes), Johnny March\u00e1n.<\/span><\/p>\n<p><img decoding=\"async\" class=\"aligncenter size-full wp-image-85610\" src=\"https:\/\/elinformanteperu.com\/wp-content\/uploads\/2020\/10\/produccion-salardi-tacna-pescadores2.jpg\" alt=\"\" width=\"905\" height=\"512\" srcset=\"https:\/\/elinformanteperu.com\/wp-content\/uploads\/2020\/10\/produccion-salardi-tacna-pescadores2.jpg 905w, https:\/\/elinformanteperu.com\/wp-content\/uploads\/2020\/10\/produccion-salardi-tacna-pescadores2-300x170.jpg 300w, https:\/\/elinformanteperu.com\/wp-content\/uploads\/2020\/10\/produccion-salardi-tacna-pescadores2-768x434.jpg 768w\" sizes=\"(max-width: 905px) 100vw, 905px\" \/><\/p>\n","protected":false},"excerpt":{"rendered":"<p>Ministro visit\u00f3 el DPA Morro Sama y su Centro Acu\u00edcola en Tacna Tacna, 31 Octubre 2020, (El Informante Per\u00fa).- Con el compromiso de iniciar desde la pr\u00f3xima semana las mesas t\u00e9cnicas de trabajo que aborden y busquen soluci\u00f3n a los principales problemas de los pescadores artesanales de Tacna e Ilo, as\u00ed cerr\u00f3 su visita al [&hellip;]<\/p>\n","protected":false},"author":1,"featured_media":85608,"comment_status":"open","ping_status":"open","sticky":false,"template":"","format":"standard","meta":{"rop_custom_images_group":[],"rop_custom_messages_group":[],"rop_publish_now":"initial","rop_publish_now_accounts":[],"rop_publish_now_history":[],"rop_publish_now_status":"pending","footnotes":""},"categories":[10],"tags":[6035,747,2539,3992],"class_list":["post-85607","post","type-post","status-publish","format-standard","has-post-thumbnail","hentry","category-actualidad-municipal","tag-jose-salardi","tag-ministerio-de-la-produccion","tag-produce","tag-tacna"],"_links":{"self":[{"href":"https:\/\/elinformanteperu.com\/index.php\/wp-json\/wp\/v2\/posts\/85607","targetHints":{"allow":["GET"]}}],"collection":[{"href":"https:\/\/elinformanteperu.com\/index.php\/wp-json\/wp\/v2\/posts"}],"about":[{"href":"https:\/\/elinformanteperu.com\/index.php\/wp-json\/wp\/v2\/types\/post"}],"author":[{"embeddable":true,"href":"https:\/\/elinformanteperu.com\/index.php\/wp-json\/wp\/v2\/users\/1"}],"replies":[{"embeddable":true,"href":"https:\/\/elinformanteperu.com\/index.php\/wp-json\/wp\/v2\/comments?post=85607"}],"version-history":[{"count":1,"href":"https:\/\/elinformanteperu.com\/index.php\/wp-json\/wp\/v2\/posts\/85607\/revisions"}],"predecessor-version":[{"id":85611,"href":"https:\/\/elinformanteperu.com\/index.php\/wp-json\/wp\/v2\/posts\/85607\/revisions\/85611"}],"wp:featuredmedia":[{"embeddable":true,"href":"https:\/\/elinformanteperu.com\/index.php\/wp-json\/wp\/v2\/media\/85608"}],"wp:attachment":[{"href":"https:\/\/elinformanteperu.com\/index.php\/wp-json\/wp\/v2\/media?parent=85607"}],"wp:term":[{"taxonomy":"category","embeddable":true,"href":"https:\/\/elinformanteperu.com\/index.php\/wp-json\/wp\/v2\/categories?post=85607"},{"taxonomy":"post_tag","embeddable":true,"href":"https:\/\/elinformanteperu.com\/index.php\/wp-json\/wp\/v2\/tags?post=85607"}],"curies":[{"name":"wp","href":"https:\/\/api.w.org\/{rel}","templated":true}]}}