{"id":85597,"date":"2020-10-31T21:22:26","date_gmt":"2020-11-01T02:22:26","guid":{"rendered":"https:\/\/elinformanteperu.com\/?p=85597"},"modified":"2020-10-31T21:22:26","modified_gmt":"2020-11-01T02:22:26","slug":"alianza-lima-guillermo-salas-dirigira-el-primer-equipo-de-manera-interina","status":"publish","type":"post","link":"https:\/\/elinformanteperu.com\/index.php\/2020\/10\/31\/alianza-lima-guillermo-salas-dirigira-el-primer-equipo-de-manera-interina\/","title":{"rendered":"Alianza Lima: Guillermo Salas dirigir\u00e1 el primer equipo de manera interina"},"content":{"rendered":"<p><strong><span style=\"color: #000000;\">Mario Salas fue dado de baja por acumular seis derrotas consecutivas<\/span><\/strong><\/p>\n<p><span style=\"color: #000000;\"><strong>Lima, 31 Octubre 2020, (ANDINA).-<\/strong> Tras confirmarse la salida del t\u00e9cnico chileno Mario Salas por lo magros resultados, la dirigencia de Alianza Lima decidi\u00f3 designar al exjugador Guillermo Salas como entrenador interino para preparar al equipo con miras a su pr\u00f3ximo encuentro frente al FBC Melgar.<\/span><\/p>\n<p><span style=\"color: #000000;\">Guillermo Salas, uno de los jugadores referentes de Alianza Lima en \u00e9pocas pasadas, se desempe\u00f1aba como entrenador del equipo de reserva del club victoriano y por la pandemia del covid-19 supervisaba, v\u00eda zoom, los entrenamientos de la categor\u00eda juvenil.<\/span><\/p>\n<p><span style=\"color: #000000;\">Salas se har\u00e1 cargo del primer equipo de cara al choque ante FBC Melgar y trabajar\u00e1 a lado de Kenji Aparicio, quien tiene a su cargo la categor\u00eda 2004 del club aliancista.<\/span><\/p>\n<p><span style=\"color: #000000;\">En un primer momento se pens\u00f3 en Jaime Duarte, tal como sucedi\u00f3 en anteriores ocasiones, sin embargo se supo que el exjugador se encuentra con un problema de salud y eso, por ahora, le imposibilitar\u00eda asumir tal responsabilidad.<\/span><\/p>\n<p><span style=\"color: #000000;\">No se descarta que en la semana el argentino Daniel Ahmed se haga cargo del equipo en las fechas restantes.<\/span><\/p>\n<p><span style=\"color: #000000;\">Se espera que hoy el chileno Mario Salas se despida de los jugadores y luego se re\u00fana con los directivos para finiquitar su desvinculaci\u00f3n del equipo victoriano. El &#8216;Comandante&#8217; se mostr\u00f3 firme en no querer renunciar.<\/span><\/p>\n<p><img fetchpriority=\"high\" decoding=\"async\" class=\"aligncenter size-full wp-image-85237\" src=\"https:\/\/elinformanteperu.com\/wp-content\/uploads\/2020\/10\/alianza-descenso.jpg\" alt=\"\" width=\"1800\" height=\"1201\" srcset=\"https:\/\/elinformanteperu.com\/wp-content\/uploads\/2020\/10\/alianza-descenso.jpg 1800w, https:\/\/elinformanteperu.com\/wp-content\/uploads\/2020\/10\/alianza-descenso-300x200.jpg 300w, https:\/\/elinformanteperu.com\/wp-content\/uploads\/2020\/10\/alianza-descenso-1024x683.jpg 1024w, https:\/\/elinformanteperu.com\/wp-content\/uploads\/2020\/10\/alianza-descenso-768x512.jpg 768w, https:\/\/elinformanteperu.com\/wp-content\/uploads\/2020\/10\/alianza-descenso-1536x1025.jpg 1536w\" sizes=\"(max-width: 1800px) 100vw, 1800px\" \/><\/p>\n","protected":false},"excerpt":{"rendered":"<p>Mario Salas fue dado de baja por acumular seis derrotas consecutivas Lima, 31 Octubre 2020, (ANDINA).- Tras confirmarse la salida del t\u00e9cnico chileno Mario Salas por lo magros resultados, la dirigencia de Alianza Lima decidi\u00f3 designar al exjugador Guillermo Salas como entrenador interino para preparar al equipo con miras a su pr\u00f3ximo encuentro frente al [&hellip;]<\/p>\n","protected":false},"author":1,"featured_media":85598,"comment_status":"open","ping_status":"open","sticky":false,"template":"","format":"standard","meta":{"rop_custom_images_group":[],"rop_custom_messages_group":[],"rop_publish_now":"initial","rop_publish_now_accounts":[],"rop_publish_now_history":[],"rop_publish_now_status":"pending","footnotes":""},"categories":[8],"tags":[91,6189,3474],"class_list":["post-85597","post","type-post","status-publish","format-standard","has-post-thumbnail","hentry","category-disciplinas-deportivas","tag-alianza-lima","tag-guillermo-salas","tag-mario-salas"],"_links":{"self":[{"href":"https:\/\/elinformanteperu.com\/index.php\/wp-json\/wp\/v2\/posts\/85597","targetHints":{"allow":["GET"]}}],"collection":[{"href":"https:\/\/elinformanteperu.com\/index.php\/wp-json\/wp\/v2\/posts"}],"about":[{"href":"https:\/\/elinformanteperu.com\/index.php\/wp-json\/wp\/v2\/types\/post"}],"author":[{"embeddable":true,"href":"https:\/\/elinformanteperu.com\/index.php\/wp-json\/wp\/v2\/users\/1"}],"replies":[{"embeddable":true,"href":"https:\/\/elinformanteperu.com\/index.php\/wp-json\/wp\/v2\/comments?post=85597"}],"version-history":[{"count":1,"href":"https:\/\/elinformanteperu.com\/index.php\/wp-json\/wp\/v2\/posts\/85597\/revisions"}],"predecessor-version":[{"id":85599,"href":"https:\/\/elinformanteperu.com\/index.php\/wp-json\/wp\/v2\/posts\/85597\/revisions\/85599"}],"wp:featuredmedia":[{"embeddable":true,"href":"https:\/\/elinformanteperu.com\/index.php\/wp-json\/wp\/v2\/media\/85598"}],"wp:attachment":[{"href":"https:\/\/elinformanteperu.com\/index.php\/wp-json\/wp\/v2\/media?parent=85597"}],"wp:term":[{"taxonomy":"category","embeddable":true,"href":"https:\/\/elinformanteperu.com\/index.php\/wp-json\/wp\/v2\/categories?post=85597"},{"taxonomy":"post_tag","embeddable":true,"href":"https:\/\/elinformanteperu.com\/index.php\/wp-json\/wp\/v2\/tags?post=85597"}],"curies":[{"name":"wp","href":"https:\/\/api.w.org\/{rel}","templated":true}]}}