{"id":8552,"date":"2017-04-15T14:36:17","date_gmt":"2017-04-15T19:36:17","guid":{"rendered":"http:\/\/elinformanteperu.com\/?p=8552"},"modified":"2017-04-15T14:36:17","modified_gmt":"2017-04-15T19:36:17","slug":"proetica-pide-a-ciudadania-contribuir-a-fiscalizar-gobiernos-regionales-y-locales","status":"publish","type":"post","link":"https:\/\/elinformanteperu.com\/index.php\/2017\/04\/15\/proetica-pide-a-ciudadania-contribuir-a-fiscalizar-gobiernos-regionales-y-locales\/","title":{"rendered":"Pro\u00e9tica pide a ciudadan\u00eda contribuir a fiscalizar gobiernos regionales y locales"},"content":{"rendered":"<p><strong><span style=\"color: #000000;\">El director ejecutivo de Pro\u00e9tica, Walter Alb\u00e1n, invoc\u00f3 a la ciudadan\u00eda a contribuir en la fiscalizaci\u00f3n del uso de los recursos p\u00fablicos en los gobiernos regionales y locales.<\/span><\/strong><\/p>\n<p><span style=\"color: #000000;\"><strong>Lima, 15 Abril 2017, (ANDINA).-<\/strong> El director ejecutivo de Pro\u00e9tica, Walter Alb\u00e1n, invoc\u00f3 a la ciudadan\u00eda a contribuir en la fiscalizaci\u00f3n del uso de los recursos p\u00fablicos en los gobiernos regionales y locales para evitar nuevos casos de corrupci\u00f3n.<\/span><\/p>\n<p><span style=\"color: #000000;\">Refiri\u00f3 que los casos del gobernador regional del Callao, F\u00e9lix Moreno, procesado por presuntamente recibir un soborno de la empresa Odebrecht, y de otras autoridades regionales investigadas por corrupci\u00f3n, refuerzan la necesidad de fortalecer la fiscalizaci\u00f3n y unir esfuerzos en esa tarea.<\/span><\/p>\n<p><span style=\"color: #000000;\">\u201cDebemos pasar de la protesta e indignaci\u00f3n, a la organizaci\u00f3n, articular esfuerzos para que la ciudadan\u00eda haga una supervisi\u00f3n del manejo que hay en los gobiernos regionales y locales, una adecuada fiscalizaci\u00f3n\u201d, declar\u00f3 a la Agencia Andina.<\/span><\/p>\n<p><span style=\"color: #000000;\">Para Alb\u00e1n, las entidades encargadas de combatir la corrupci\u00f3n y la ciudadan\u00eda en general deben estar alertas ante posibles casos de malos manejos de los fondos p\u00fablicos en los gobiernos regionales y locales durante el proceso de reconstrucci\u00f3n de las zonas afectadas por los huaicos e inundaciones.<\/span><\/p>\n<p><span style=\"color: #000000;\">Agreg\u00f3 que la poblaci\u00f3n puede contribuir en esa tarea teniendo un rol m\u00e1s activo en la fiscalizaci\u00f3n de los proyectos que realizan sus autoridades y denunciado los casos de presuntas irregularidades.<\/span><\/p>\n<p><span style=\"color: #000000;\">El representante de Pro\u00e9tica lament\u00f3 que algunos ciudadanos tengan tolerancia a la corrupci\u00f3n y que \u00e9sta se vea expresada en las urnas.<\/span><\/p>\n<p><span style=\"color: #000000;\">\u201cLas responsabilidades son repartidas, digo esto porque en el pasado personas con claras denuncias de corrupci\u00f3n <\/span><br \/>\n<span style=\"color: #000000;\">ganaron elecciones, como en el caso del Callao y otras regiones\u201d, acot\u00f3.<\/span><\/p>\n","protected":false},"excerpt":{"rendered":"<p>El director ejecutivo de Pro\u00e9tica, Walter Alb\u00e1n, invoc\u00f3 a la ciudadan\u00eda a contribuir en la fiscalizaci\u00f3n del uso de los recursos p\u00fablicos en los gobiernos regionales y locales. Lima, 15 Abril 2017, (ANDINA).- El director ejecutivo de Pro\u00e9tica, Walter Alb\u00e1n, invoc\u00f3 a la ciudadan\u00eda a contribuir en la fiscalizaci\u00f3n del uso de los recursos p\u00fablicos [&hellip;]<\/p>\n","protected":false},"author":1,"featured_media":8553,"comment_status":"open","ping_status":"open","sticky":false,"template":"","format":"standard","meta":{"rop_custom_images_group":[],"rop_custom_messages_group":[],"rop_publish_now":"initial","rop_publish_now_accounts":[],"rop_publish_now_history":[],"rop_publish_now_status":"pending","footnotes":""},"categories":[5],"tags":[1398,1205],"class_list":["post-8552","post","type-post","status-publish","format-standard","has-post-thumbnail","hentry","category-actualidad-informativa","tag-proetica","tag-walter-alban"],"_links":{"self":[{"href":"https:\/\/elinformanteperu.com\/index.php\/wp-json\/wp\/v2\/posts\/8552","targetHints":{"allow":["GET"]}}],"collection":[{"href":"https:\/\/elinformanteperu.com\/index.php\/wp-json\/wp\/v2\/posts"}],"about":[{"href":"https:\/\/elinformanteperu.com\/index.php\/wp-json\/wp\/v2\/types\/post"}],"author":[{"embeddable":true,"href":"https:\/\/elinformanteperu.com\/index.php\/wp-json\/wp\/v2\/users\/1"}],"replies":[{"embeddable":true,"href":"https:\/\/elinformanteperu.com\/index.php\/wp-json\/wp\/v2\/comments?post=8552"}],"version-history":[{"count":1,"href":"https:\/\/elinformanteperu.com\/index.php\/wp-json\/wp\/v2\/posts\/8552\/revisions"}],"predecessor-version":[{"id":8554,"href":"https:\/\/elinformanteperu.com\/index.php\/wp-json\/wp\/v2\/posts\/8552\/revisions\/8554"}],"wp:featuredmedia":[{"embeddable":true,"href":"https:\/\/elinformanteperu.com\/index.php\/wp-json\/wp\/v2\/media\/8553"}],"wp:attachment":[{"href":"https:\/\/elinformanteperu.com\/index.php\/wp-json\/wp\/v2\/media?parent=8552"}],"wp:term":[{"taxonomy":"category","embeddable":true,"href":"https:\/\/elinformanteperu.com\/index.php\/wp-json\/wp\/v2\/categories?post=8552"},{"taxonomy":"post_tag","embeddable":true,"href":"https:\/\/elinformanteperu.com\/index.php\/wp-json\/wp\/v2\/tags?post=8552"}],"curies":[{"name":"wp","href":"https:\/\/api.w.org\/{rel}","templated":true}]}}