{"id":85435,"date":"2020-10-29T18:53:00","date_gmt":"2020-10-29T23:53:00","guid":{"rendered":"https:\/\/elinformanteperu.com\/?p=85435"},"modified":"2020-10-29T18:53:00","modified_gmt":"2020-10-29T23:53:00","slug":"ibrahimovic-promociona-el-uso-de-mascarillas-no-eres-zlatan-no-retes-al-virus","status":"publish","type":"post","link":"https:\/\/elinformanteperu.com\/index.php\/2020\/10\/29\/ibrahimovic-promociona-el-uso-de-mascarillas-no-eres-zlatan-no-retes-al-virus\/","title":{"rendered":"Ibrahimovic promociona el uso de mascarillas: \u00abNo eres Zlatan, no retes al virus\u00bb"},"content":{"rendered":"<p><span style=\"color: #000000;\"><strong>Mil\u00e1n, 29 Octubre 2020, (ANDINA).-<\/strong> \u00abNo eres Zlatan, no retes al virus\u00bb: la estrella del AC Milan, Zlatan Ibrahimovic promocion\u00f3 el respeto de las normas de distanciaci\u00f3n social y el uso de las mascarillas contra el covid-19, en un v\u00eddeo emitido este jueves por la regi\u00f3n de Lombard\u00eda.<\/span><\/p>\n<p><span style=\"color: #000000;\">&#8216;Ibra&#8217; dio positivo al coronavirus hace apenas unas semanas y est\u00e1 ya recuperado.<\/span><\/p>\n<p><span style=\"color: #000000;\">El actual m\u00e1ximo goleador de la Serie A de f\u00fatbol acept\u00f3 participar en una campa\u00f1a de sensibilizaci\u00f3n impulsada por las autoridades locales.<\/span><\/p>\n<p><span style=\"color: #000000;\">\u00abEl virus me ret\u00f3 y le venc\u00ed. Pero t\u00fa no eres Zlatan, no retes al virus. Respeta las reglas, la distanciaci\u00f3n y la mascarilla, siempre\u00bb, dice el veterano futbolista en italiano desde una terraza con vistas a la ciudad de Mil\u00e1n, justo antes de ponerse \u00e9l mismo una mascarilla.<\/span><\/p>\n<p><span style=\"color: #000000;\">El presidente de Lombard\u00eda, Attilio Fontana, explic\u00f3 que tuvo la idea de contar con Ibrahimovic en la noche del \u00faltimo derbi entre los clubes de Mil\u00e1n. El jugador sueco de 39 a\u00f1os, en su regreso tras la infecci\u00f3n al covid-19, dio el triunfo al Milan (2-1) al marcar dos tantos ante el Inter.<\/span><\/p>\n<p><span style=\"color: #000000;\">Como sus vecinos europeos, Italia, uno de los pa\u00edses m\u00e1s afectados por la pandemia, est\u00e1 viviendo un momento de fuerte aumento de las infecciones.<\/span><\/p>\n<p><span style=\"color: #000000;\">El pa\u00eds ha registrado casi 38.000 muertos y m\u00e1s de 550.000 casos desde finales de febrero.<\/span><\/p>\n<blockquote class=\"twitter-tweet\">\n<p dir=\"ltr\" lang=\"es\">\u201cEl virus me ha retado y he ganado pero t\u00fa no eres Zlatan, no retes al virus. Usa la mascarilla y mant\u00e9n la distancia de seguridad siempre. Ganaremos\u201d<\/p>\n<p>\ud83c\udf99 Ibrahimovic<a href=\"https:\/\/t.co\/MqEYuzrMf1\">pic.twitter.com\/MqEYuzrMf1<\/a><\/p>\n<p>\u2014 AC Milan \ud83c\uddee\ud83c\uddf9 (@ACMilanGoleador) <a href=\"https:\/\/twitter.com\/ACMilanGoleador\/status\/1321803975901982721?ref_src=twsrc%5Etfw\">October 29, 2020<\/a><\/p><\/blockquote>\n<p><script async src=\"https:\/\/platform.twitter.com\/widgets.js\" charset=\"utf-8\"><\/script><\/p>\n","protected":false},"excerpt":{"rendered":"<p>Mil\u00e1n, 29 Octubre 2020, (ANDINA).- \u00abNo eres Zlatan, no retes al virus\u00bb: la estrella del AC Milan, Zlatan Ibrahimovic promocion\u00f3 el respeto de las normas de distanciaci\u00f3n social y el uso de las mascarillas contra el covid-19, en un v\u00eddeo emitido este jueves por la regi\u00f3n de Lombard\u00eda. &#8216;Ibra&#8217; dio positivo al coronavirus hace apenas [&hellip;]<\/p>\n","protected":false},"author":1,"featured_media":85436,"comment_status":"open","ping_status":"open","sticky":false,"template":"","format":"standard","meta":{"rop_custom_images_group":[],"rop_custom_messages_group":[],"rop_publish_now":"initial","rop_publish_now_accounts":[],"rop_publish_now_history":[],"rop_publish_now_status":"pending","footnotes":""},"categories":[8],"tags":[2966],"class_list":["post-85435","post","type-post","status-publish","format-standard","has-post-thumbnail","hentry","category-disciplinas-deportivas","tag-zlatan-ibrahimovic"],"_links":{"self":[{"href":"https:\/\/elinformanteperu.com\/index.php\/wp-json\/wp\/v2\/posts\/85435","targetHints":{"allow":["GET"]}}],"collection":[{"href":"https:\/\/elinformanteperu.com\/index.php\/wp-json\/wp\/v2\/posts"}],"about":[{"href":"https:\/\/elinformanteperu.com\/index.php\/wp-json\/wp\/v2\/types\/post"}],"author":[{"embeddable":true,"href":"https:\/\/elinformanteperu.com\/index.php\/wp-json\/wp\/v2\/users\/1"}],"replies":[{"embeddable":true,"href":"https:\/\/elinformanteperu.com\/index.php\/wp-json\/wp\/v2\/comments?post=85435"}],"version-history":[{"count":1,"href":"https:\/\/elinformanteperu.com\/index.php\/wp-json\/wp\/v2\/posts\/85435\/revisions"}],"predecessor-version":[{"id":85437,"href":"https:\/\/elinformanteperu.com\/index.php\/wp-json\/wp\/v2\/posts\/85435\/revisions\/85437"}],"wp:featuredmedia":[{"embeddable":true,"href":"https:\/\/elinformanteperu.com\/index.php\/wp-json\/wp\/v2\/media\/85436"}],"wp:attachment":[{"href":"https:\/\/elinformanteperu.com\/index.php\/wp-json\/wp\/v2\/media?parent=85435"}],"wp:term":[{"taxonomy":"category","embeddable":true,"href":"https:\/\/elinformanteperu.com\/index.php\/wp-json\/wp\/v2\/categories?post=85435"},{"taxonomy":"post_tag","embeddable":true,"href":"https:\/\/elinformanteperu.com\/index.php\/wp-json\/wp\/v2\/tags?post=85435"}],"curies":[{"name":"wp","href":"https:\/\/api.w.org\/{rel}","templated":true}]}}