{"id":85142,"date":"2020-10-25T14:57:26","date_gmt":"2020-10-25T19:57:26","guid":{"rendered":"https:\/\/elinformanteperu.com\/?p=85142"},"modified":"2020-10-25T14:57:26","modified_gmt":"2020-10-25T19:57:26","slug":"vraem-fuerzas-armadas-incautan-mas-de-400-kilos-de-hoja-de-coca","status":"publish","type":"post","link":"https:\/\/elinformanteperu.com\/index.php\/2020\/10\/25\/vraem-fuerzas-armadas-incautan-mas-de-400-kilos-de-hoja-de-coca\/","title":{"rendered":"Vraem: Fuerzas Armadas incautan m\u00e1s de 400 kilos de hoja de coca"},"content":{"rendered":"<p><strong><span style=\"color: #000000;\">Fueron detenidas tres personas y trasladadas a la comisar\u00eda de Pichari para las investigaciones del caso<\/span><\/strong><\/p>\n<p><span style=\"color: #000000;\"><strong>Lima, 25 Octubre 2020, (ANDINA).-<\/strong> El Comando Conjunto de las Fuerzas Armadas inform\u00f3 que durante una operaci\u00f3n de control territorial en el sector Pichari-Quisto Central y Mantaro, en la zona del Vraem, patrullas del Comando Operacional del Este y de la Polic\u00eda Nacional del Per\u00fa, en coordinaci\u00f3n con el Ministerio P\u00fablico, intervinieron una camioneta, de placa F2Y-731, en cuyo interior se hall\u00f3 463 kilos de hoja de coca, distribuidos en siete sacos de polietileno.<\/span><\/p>\n<p><span style=\"color: #000000;\">Durante el operativo, realizado el viernes 23 de octubre a las 20.50 horas, las autoridades detuvieron a tres personas, quienes fueron identificadas como Hido Rojas Lichache (DNI: 42237693), Ever Espinoza Vargas (DNI: 47516831) y Marleni Alarc\u00f3n Maima (DNI: 73617651), quienes fueron trasladados a la comisar\u00eda de Pichari, a fin de continuar con las investigaciones.<\/span><\/p>\n<p><span style=\"color: #000000;\">Del mismo modo, el fiscal de turno, Aidan Torres Zela, dispuso el traslado de la hoja de coca a la Empresa Nacional de la Coca (Enaco), ubicada en Pichari.<\/span><\/p>\n<p><span style=\"color: #000000;\">\u201cLas Fuerzas Armadas contin\u00faan realizando esfuerzos para neutralizar las actividades il\u00edcitas, en las zonas declaradas en Estado de Emergencia, en simult\u00e1neo a las acciones de control relacionadas al Estado de Emergencia, por la pandemia del covid-19\u201d, destac\u00f3 el Comando Conjunto.<\/span><\/p>\n","protected":false},"excerpt":{"rendered":"<p>Fueron detenidas tres personas y trasladadas a la comisar\u00eda de Pichari para las investigaciones del caso Lima, 25 Octubre 2020, (ANDINA).- El Comando Conjunto de las Fuerzas Armadas inform\u00f3 que durante una operaci\u00f3n de control territorial en el sector Pichari-Quisto Central y Mantaro, en la zona del Vraem, patrullas del Comando Operacional del Este y [&hellip;]<\/p>\n","protected":false},"author":1,"featured_media":85143,"comment_status":"open","ping_status":"open","sticky":false,"template":"","format":"standard","meta":{"rop_custom_images_group":[],"rop_custom_messages_group":[],"rop_publish_now":"initial","rop_publish_now_accounts":[],"rop_publish_now_history":[],"rop_publish_now_status":"pending","footnotes":""},"categories":[10],"tags":[2237,1060],"class_list":["post-85142","post","type-post","status-publish","format-standard","has-post-thumbnail","hentry","category-actualidad-municipal","tag-fuerzas-armadas","tag-vraem"],"_links":{"self":[{"href":"https:\/\/elinformanteperu.com\/index.php\/wp-json\/wp\/v2\/posts\/85142","targetHints":{"allow":["GET"]}}],"collection":[{"href":"https:\/\/elinformanteperu.com\/index.php\/wp-json\/wp\/v2\/posts"}],"about":[{"href":"https:\/\/elinformanteperu.com\/index.php\/wp-json\/wp\/v2\/types\/post"}],"author":[{"embeddable":true,"href":"https:\/\/elinformanteperu.com\/index.php\/wp-json\/wp\/v2\/users\/1"}],"replies":[{"embeddable":true,"href":"https:\/\/elinformanteperu.com\/index.php\/wp-json\/wp\/v2\/comments?post=85142"}],"version-history":[{"count":1,"href":"https:\/\/elinformanteperu.com\/index.php\/wp-json\/wp\/v2\/posts\/85142\/revisions"}],"predecessor-version":[{"id":85144,"href":"https:\/\/elinformanteperu.com\/index.php\/wp-json\/wp\/v2\/posts\/85142\/revisions\/85144"}],"wp:featuredmedia":[{"embeddable":true,"href":"https:\/\/elinformanteperu.com\/index.php\/wp-json\/wp\/v2\/media\/85143"}],"wp:attachment":[{"href":"https:\/\/elinformanteperu.com\/index.php\/wp-json\/wp\/v2\/media?parent=85142"}],"wp:term":[{"taxonomy":"category","embeddable":true,"href":"https:\/\/elinformanteperu.com\/index.php\/wp-json\/wp\/v2\/categories?post=85142"},{"taxonomy":"post_tag","embeddable":true,"href":"https:\/\/elinformanteperu.com\/index.php\/wp-json\/wp\/v2\/tags?post=85142"}],"curies":[{"name":"wp","href":"https:\/\/api.w.org\/{rel}","templated":true}]}}