{"id":85139,"date":"2020-10-25T14:55:06","date_gmt":"2020-10-25T19:55:06","guid":{"rendered":"https:\/\/elinformanteperu.com\/?p=85139"},"modified":"2020-10-25T14:55:06","modified_gmt":"2020-10-25T19:55:06","slug":"tacna-autoridades-inician-coordinaciones-para-reapertura-de-frontera-con-chile","status":"publish","type":"post","link":"https:\/\/elinformanteperu.com\/index.php\/2020\/10\/25\/tacna-autoridades-inician-coordinaciones-para-reapertura-de-frontera-con-chile\/","title":{"rendered":"Tacna: autoridades inician coordinaciones para reapertura de frontera con Chile"},"content":{"rendered":"<p><strong><span style=\"color: #000000;\">Pr\u00f3xima reuni\u00f3n de manera virtual se realizar\u00e1 el 27 de octubre<\/span><\/strong><\/p>\n<p><span style=\"color: #000000;\"><strong>Tacna, 25 Octubre 2020, (ANDINA).-<\/strong> Representantes del Consulado General del Per\u00fa en Arica, de la Oficina Desconcentrada del Ministerio de Relaciones Exteriores en Tacna, de la Direcci\u00f3n Regional de Salud de Tacna, de la C\u00e1mara de Comercio, Industria y Producci\u00f3n de Tacna y del Gobierno Regional de Tacna, iniciaron las coordinaciones para la reapertura gradual de la frontera con Chile.<\/span><\/p>\n<p><span style=\"color: #000000;\">El Gobierno Regional de Tacna inform\u00f3 que en una reuni\u00f3n virtual realizada el pasado viernes 23 se abord\u00f3 aspectos como la implementaci\u00f3n del protocolo de seguridad sanitaria, factor indispensable para llevar adelante la reapertura de la frontera sur.<\/span><\/p>\n<p><span style=\"color: #000000;\">\u201cLos funcionarios coincidieron en que se debe priorizar la reapertura gradual de la zona fronteriza para impulsar la reactivaci\u00f3n de la econom\u00eda de las ciudades de Tacna y Arica, perjudicadas por los efectos de la pandemia del covid-19\u201d, indic\u00f3 el Gobierno Regional.<\/span><\/p>\n<p><span style=\"color: #000000;\">Adelant\u00f3 que la pr\u00f3xima reuni\u00f3n se ha programado para el 27 de octubre y contar\u00e1 con la participaci\u00f3n de los representantes de la Secretar\u00eda Regional Ministerial (Seremi) de Salud de Arica y Parinacota (Chile), as\u00ed como de Migraciones y Aduanas de ambas ciudades fronterizas.<\/span><\/p>\n<p><span style=\"color: #000000;\">El pasado mi\u00e9rcoles 21, el presidente de la Rep\u00fablica, Mart\u00edn Vizcarra, anunci\u00f3 que el Ejecutivo coordinar\u00e1 la pr\u00f3xima reapertura de las fronteras terrestres y que esta medida se implementar\u00e1 de manera gradual para evitar la propagaci\u00f3n del covid-19.<\/span><\/p>\n<p><span style=\"color: #000000;\">\u00abNecesitamos que a trav\u00e9s de una coordinaci\u00f3n estrecha, que vamos a empezar desde ahora, entre el Gobierno con los gobiernos regionales de frontera, establecer un protocolo para comenzar a abrir gradualmente las fronteras terrestres\u00bb, manifest\u00f3 el Mandatario en conferencia de prensa tras la sesi\u00f3n semanal del Consejo de Ministros.<\/span><\/p>\n<p><span style=\"color: #000000;\">Dos d\u00edas antes, el 19 de octubre, el primer mandatario se reuni\u00f3 con el gobernador regional de Tacna, Juan Tonconi, con quien abord\u00f3 este tema y otros de importancia para dicho departamento fronterizo con Chile.<\/span><\/p>\n","protected":false},"excerpt":{"rendered":"<p>Pr\u00f3xima reuni\u00f3n de manera virtual se realizar\u00e1 el 27 de octubre Tacna, 25 Octubre 2020, (ANDINA).- Representantes del Consulado General del Per\u00fa en Arica, de la Oficina Desconcentrada del Ministerio de Relaciones Exteriores en Tacna, de la Direcci\u00f3n Regional de Salud de Tacna, de la C\u00e1mara de Comercio, Industria y Producci\u00f3n de Tacna y del [&hellip;]<\/p>\n","protected":false},"author":1,"featured_media":85140,"comment_status":"open","ping_status":"open","sticky":false,"template":"","format":"standard","meta":{"rop_custom_images_group":[],"rop_custom_messages_group":[],"rop_publish_now":"initial","rop_publish_now_accounts":[],"rop_publish_now_history":[],"rop_publish_now_status":"pending","footnotes":""},"categories":[10],"tags":[3992],"class_list":["post-85139","post","type-post","status-publish","format-standard","has-post-thumbnail","hentry","category-actualidad-municipal","tag-tacna"],"_links":{"self":[{"href":"https:\/\/elinformanteperu.com\/index.php\/wp-json\/wp\/v2\/posts\/85139","targetHints":{"allow":["GET"]}}],"collection":[{"href":"https:\/\/elinformanteperu.com\/index.php\/wp-json\/wp\/v2\/posts"}],"about":[{"href":"https:\/\/elinformanteperu.com\/index.php\/wp-json\/wp\/v2\/types\/post"}],"author":[{"embeddable":true,"href":"https:\/\/elinformanteperu.com\/index.php\/wp-json\/wp\/v2\/users\/1"}],"replies":[{"embeddable":true,"href":"https:\/\/elinformanteperu.com\/index.php\/wp-json\/wp\/v2\/comments?post=85139"}],"version-history":[{"count":1,"href":"https:\/\/elinformanteperu.com\/index.php\/wp-json\/wp\/v2\/posts\/85139\/revisions"}],"predecessor-version":[{"id":85141,"href":"https:\/\/elinformanteperu.com\/index.php\/wp-json\/wp\/v2\/posts\/85139\/revisions\/85141"}],"wp:featuredmedia":[{"embeddable":true,"href":"https:\/\/elinformanteperu.com\/index.php\/wp-json\/wp\/v2\/media\/85140"}],"wp:attachment":[{"href":"https:\/\/elinformanteperu.com\/index.php\/wp-json\/wp\/v2\/media?parent=85139"}],"wp:term":[{"taxonomy":"category","embeddable":true,"href":"https:\/\/elinformanteperu.com\/index.php\/wp-json\/wp\/v2\/categories?post=85139"},{"taxonomy":"post_tag","embeddable":true,"href":"https:\/\/elinformanteperu.com\/index.php\/wp-json\/wp\/v2\/tags?post=85139"}],"curies":[{"name":"wp","href":"https:\/\/api.w.org\/{rel}","templated":true}]}}