{"id":85132,"date":"2020-10-25T14:48:36","date_gmt":"2020-10-25T19:48:36","guid":{"rendered":"https:\/\/elinformanteperu.com\/?p=85132"},"modified":"2020-10-25T14:48:36","modified_gmt":"2020-10-25T19:48:36","slug":"trabajadores-de-24-empresas-de-agua-y-saneamiento-se-especializan-en-el-reuso-de-aguas-residuales-tratadas","status":"publish","type":"post","link":"https:\/\/elinformanteperu.com\/index.php\/2020\/10\/25\/trabajadores-de-24-empresas-de-agua-y-saneamiento-se-especializan-en-el-reuso-de-aguas-residuales-tratadas\/","title":{"rendered":"Trabajadores de 24 empresas de agua y saneamiento se especializan en el re\u00faso de aguas residuales tratadas"},"content":{"rendered":"<p><strong><span style=\"color: #000000;\">Ministerio de Vivienda desarrolla curso de capacitaci\u00f3n que permitir\u00e1 a las EPS aprovechar subproductos generados en plantas de tratamiento, como lodos y biog\u00e1s.<\/span><\/strong><\/p>\n<p><span style=\"color: #000000;\"><strong>Lima, 25 Octubre 2020, (ANDINA).-<\/strong> El Ministerio de Vivienda, Construcci\u00f3n y Saneamiento (MVCS) capacita a trabajadores de 24 empresas prestadoras de servicios de saneamiento (EPS) en el re\u00faso de las aguas residuales tratadas.<\/span><\/p>\n<p><span style=\"color: #000000;\">A trav\u00e9s de su Sistema de Fortalecimiento de Capacidades del Sector Saneamiento (SFC), el MVCS organiza el curso de especializaci\u00f3n \u201cRe\u00faso de Agua Residual Tratada y Aprovechamiento de los subproductos\u201d, que brinda a los trabajadores de las EPS conocimientos sobre el re\u00faso del agua residual tratada y el correcto aprovechamiento de los subproductos generados en las plantas de tratamiento de aguas residuales (PTAR), como lodos y biog\u00e1s.<\/span><\/p>\n<p><span style=\"color: #000000;\">El curso consta de seis m\u00f3dulos y es dictado por especialistas de M\u00e9xico, Alemania, Suiza y Per\u00fa a trav\u00e9s de la Escuela de Posgrado de la Universidad Nacional Agraria La Molina (UNALM).<\/span><\/p>\n<p><img fetchpriority=\"high\" decoding=\"async\" class=\"aligncenter size-full wp-image-85134\" src=\"https:\/\/elinformanteperu.com\/wp-content\/uploads\/2020\/10\/vivienda-empresas-saneamiento1.jpg\" alt=\"\" width=\"770\" height=\"509\" srcset=\"https:\/\/elinformanteperu.com\/wp-content\/uploads\/2020\/10\/vivienda-empresas-saneamiento1.jpg 770w, https:\/\/elinformanteperu.com\/wp-content\/uploads\/2020\/10\/vivienda-empresas-saneamiento1-300x198.jpg 300w, https:\/\/elinformanteperu.com\/wp-content\/uploads\/2020\/10\/vivienda-empresas-saneamiento1-768x508.jpg 768w, https:\/\/elinformanteperu.com\/wp-content\/uploads\/2020\/10\/vivienda-empresas-saneamiento1-590x390.jpg 590w\" sizes=\"(max-width: 770px) 100vw, 770px\" \/><\/p>\n<p><span style=\"color: #000000;\">Las clases empezaron esta semana y participan profesionales de 24 EPS, que funcionan en regiones como Lima, Hu\u00e1nuco, Tumbes, Ica, Cajamarca, Tacna, \u00c1ncash, Ayacucho, Moquegua, La Libertad, Lambayeque, Arequipa, Cusco, Piura, Apur\u00edmac y Jun\u00edn.<\/span><\/p>\n<p><span style=\"color: #000000;\">Al concluir los estudios, los profesionales estar\u00e1n capacitados en el re\u00faso de agua residual tratada, aprovechamiento de los subproductos, valoraci\u00f3n de los subproductos y en el concepto de econom\u00eda circular.<\/span><\/p>\n<p><span style=\"color: #000000;\">Asimismo, se compartir\u00e1 experiencias nacionales e internacionales sobre re\u00faso del agua residual, lodos y biog\u00e1s, y se explicar\u00e1 la importancia de la sostenibilidad de las PTAR y la mejora de su eficiencia.<\/span><\/p>\n<p><span style=\"color: #000000;\">El curso es organizado por el Sistema de Fortalecimiento de Capacidades del Sector Saneamiento del MVCS, que lidera su Direcci\u00f3n de Saneamiento, y cuenta con el apoyo de la Cooperaci\u00f3n Alemana y Suiza.<\/span><\/p>\n<p><span style=\"color: #000000;\">El curso de especializaci\u00f3n, que tiene una duraci\u00f3n de 24 sesiones y consta de 120 horas de estudio, se viene llevando a cabo gracias a una inversi\u00f3n de S\/ 150 000 que permitir\u00e1 a las EPS tener trabajadores capacitados a favor de la poblaci\u00f3n.<\/span><\/p>\n","protected":false},"excerpt":{"rendered":"<p>Ministerio de Vivienda desarrolla curso de capacitaci\u00f3n que permitir\u00e1 a las EPS aprovechar subproductos generados en plantas de tratamiento, como lodos y biog\u00e1s. Lima, 25 Octubre 2020, (ANDINA).- El Ministerio de Vivienda, Construcci\u00f3n y Saneamiento (MVCS) capacita a trabajadores de 24 empresas prestadoras de servicios de saneamiento (EPS) en el re\u00faso de las aguas residuales [&hellip;]<\/p>\n","protected":false},"author":1,"featured_media":85133,"comment_status":"open","ping_status":"open","sticky":false,"template":"","format":"standard","meta":{"rop_custom_images_group":[],"rop_custom_messages_group":[],"rop_publish_now":"initial","rop_publish_now_accounts":[],"rop_publish_now_history":[],"rop_publish_now_status":"pending","footnotes":""},"categories":[10],"tags":[1557],"class_list":["post-85132","post","type-post","status-publish","format-standard","has-post-thumbnail","hentry","category-actualidad-municipal","tag-ministerio-de-vivienda"],"_links":{"self":[{"href":"https:\/\/elinformanteperu.com\/index.php\/wp-json\/wp\/v2\/posts\/85132","targetHints":{"allow":["GET"]}}],"collection":[{"href":"https:\/\/elinformanteperu.com\/index.php\/wp-json\/wp\/v2\/posts"}],"about":[{"href":"https:\/\/elinformanteperu.com\/index.php\/wp-json\/wp\/v2\/types\/post"}],"author":[{"embeddable":true,"href":"https:\/\/elinformanteperu.com\/index.php\/wp-json\/wp\/v2\/users\/1"}],"replies":[{"embeddable":true,"href":"https:\/\/elinformanteperu.com\/index.php\/wp-json\/wp\/v2\/comments?post=85132"}],"version-history":[{"count":1,"href":"https:\/\/elinformanteperu.com\/index.php\/wp-json\/wp\/v2\/posts\/85132\/revisions"}],"predecessor-version":[{"id":85135,"href":"https:\/\/elinformanteperu.com\/index.php\/wp-json\/wp\/v2\/posts\/85132\/revisions\/85135"}],"wp:featuredmedia":[{"embeddable":true,"href":"https:\/\/elinformanteperu.com\/index.php\/wp-json\/wp\/v2\/media\/85133"}],"wp:attachment":[{"href":"https:\/\/elinformanteperu.com\/index.php\/wp-json\/wp\/v2\/media?parent=85132"}],"wp:term":[{"taxonomy":"category","embeddable":true,"href":"https:\/\/elinformanteperu.com\/index.php\/wp-json\/wp\/v2\/categories?post=85132"},{"taxonomy":"post_tag","embeddable":true,"href":"https:\/\/elinformanteperu.com\/index.php\/wp-json\/wp\/v2\/tags?post=85132"}],"curies":[{"name":"wp","href":"https:\/\/api.w.org\/{rel}","templated":true}]}}