{"id":85129,"date":"2020-10-25T14:42:01","date_gmt":"2020-10-25T19:42:01","guid":{"rendered":"https:\/\/elinformanteperu.com\/?p=85129"},"modified":"2020-10-25T14:42:01","modified_gmt":"2020-10-25T19:42:01","slug":"fuerza-del-orden-destruyen-campamento-y-maquinarias-de-mineria-ilegal-en-madre-de-dios","status":"publish","type":"post","link":"https:\/\/elinformanteperu.com\/index.php\/2020\/10\/25\/fuerza-del-orden-destruyen-campamento-y-maquinarias-de-mineria-ilegal-en-madre-de-dios\/","title":{"rendered":"Fuerza del orden destruyen campamento y maquinarias de miner\u00eda ilegal en Madre de Dios"},"content":{"rendered":"<p><strong><span style=\"color: #000000;\">Ministros de Defensa e Interior destacan acci\u00f3n conjunta entre las Fuerzas Armadas, Polic\u00eda Nacional y Ministerio<\/span><\/strong><\/p>\n<p><span style=\"color: #000000;\"><strong>Lima, 25 Octubre 2020, (ANDINA).-<\/strong> El trabajo conjunto y articulado entre la Polic\u00eda Nacional del Per\u00fa y las Fuerzas Armadas, con la participaci\u00f3n del Ministerio P\u00fablico, permiti\u00f3 un nuevo golpe contra la miner\u00eda ilegal en Madre de Dios, donde se ha destruido un campamento clandestino y 16 dragas empleados por esta il\u00edcita actividad que depreda el medioambiente y propicia otros delitos conexos.<\/span><\/p>\n<p><span style=\"color: #000000;\">Con el fin de supervisar la acci\u00f3n coordinada de las fuerzas del orden, el ministro de Defensa, Jorge Chavez Cresta; y el ministro del Interior, C\u00e9sar Gentille Vargas, llegaron a esta regi\u00f3n acompa\u00f1ados de los altos mandos militares y policiales, adem\u00e1s de un representante del Ministerio P\u00fablico y de la autoridad regional.<\/span><\/p>\n<p><span style=\"color: #000000;\">\u201cEs importante dar un mensaje de actuaci\u00f3n conjunta, operativa y colaborativa de la Polic\u00eda Nacional y de las Fuerzas Armadas para alinear esfuerzos en nuestro prop\u00f3sito com\u00fan de darle sostenibilidad al plan de operaciones Mercurio 2020 e incrementar nuestros resultados\u201d, resalt\u00f3 el ministro del Interior.<\/span><\/p>\n<p><span style=\"color: #000000;\">\u00abAs\u00ed como estamos luchando con \u00e9xito en el Vraem contra el terrorismo, nuestras Fuerzas Armadas y Polic\u00eda Nacional est\u00e1n profundizando la integraci\u00f3n de sus acciones contra los delitos ambientales. Es la \u00fanica manera de erradicar la tala y miner\u00eda ilegales\u00bb, a\u00f1adi\u00f3, por su parte, el titular del sector Defensa.<\/span><\/p>\n<p><span style=\"color: #000000;\">El operativo fue ejecutado en la desembocadura del r\u00edo Inambari. Entre lo incautado destacan alrededor de 500 galones de combustible, 15 motores, quemadores y otros insumos usados por los mineros ilegales en esta regi\u00f3n. A bordo de un helic\u00f3ptero, ambas autoridades observaron la destrucci\u00f3n de dicha maquinaria.<\/span><\/p>\n<p><span style=\"color: #000000;\">El ministro Chavez Cresta subray\u00f3 la gravedad del da\u00f1o que genera esta il\u00edcita actividad al medioambiente. \u201cVemos el da\u00f1o que puede hacer la miner\u00eda ilegal con una sola draga, afectando el ecosistema. Hemos podido ver que no solo hay afectaci\u00f3n en la cuenca del r\u00edo, sino tambi\u00e9n hay afectaci\u00f3n al bosque con la tala ilegal de madera\u201d.<\/span><\/p>\n<p><span style=\"color: #000000;\">\u201cSeguiremos viniendo no solo a este punto del pa\u00eds, sino a otras zonas donde mantenemos operaciones conjuntas, como en el Vraem, lo que nos permite alinear los ejes de acci\u00f3n para obtener los resultados esperados y alcancemos el reto de derrotar a la miner\u00eda ilegal\u201d, agreg\u00f3 el ministro Gentille.<\/span><\/p>\n<p><span style=\"color: #000000;\">Junto con los ministros llegaron tambi\u00e9n a la zona de operaciones el jefe del Comando Conjunto de las Fuerzas Armadas, General de Ej\u00e9rcito C\u00e9sar Astudillo Salcedo; y el Inspector General de la PNP, Tnte. Gral. PNP Herly Rojas.<\/span><\/p>\n<p><span style=\"color: #000000;\">Los representantes del Ejecutivo visitaron tambi\u00e9n el fuerte Pachac\u00fatec y la comisaria de Tambopata, para reconocer y felicitar la esforzada labor del personal policial y militar que presta servicios en esta zona y que se enfrenta al flagelo de la miner\u00eda ilegal. Al mismo tiempo, los invoc\u00f3 a seguir trabajando con denodado esfuerzo, profesionalismo y vocaci\u00f3n de servir al pa\u00eds.<\/span><\/p>\n<p><span style=\"color: #000000;\">En la comisar\u00eda de Tambopata, los ministros asistieron la exposici\u00f3n de la puesta en marcha del Sistema Nacional de B\u00fasqueda de Personas Desaparecidas de la Polic\u00eda Nacional.<\/span><\/p>\n","protected":false},"excerpt":{"rendered":"<p>Ministros de Defensa e Interior destacan acci\u00f3n conjunta entre las Fuerzas Armadas, Polic\u00eda Nacional y Ministerio Lima, 25 Octubre 2020, (ANDINA).- El trabajo conjunto y articulado entre la Polic\u00eda Nacional del Per\u00fa y las Fuerzas Armadas, con la participaci\u00f3n del Ministerio P\u00fablico, permiti\u00f3 un nuevo golpe contra la miner\u00eda ilegal en Madre de Dios, donde [&hellip;]<\/p>\n","protected":false},"author":1,"featured_media":85130,"comment_status":"open","ping_status":"open","sticky":false,"template":"","format":"standard","meta":{"rop_custom_images_group":[],"rop_custom_messages_group":[],"rop_publish_now":"initial","rop_publish_now_accounts":[],"rop_publish_now_history":[],"rop_publish_now_status":"pending","footnotes":""},"categories":[10],"tags":[1523,376,401,375,280,281],"class_list":["post-85129","post","type-post","status-publish","format-standard","has-post-thumbnail","hentry","category-actualidad-municipal","tag-antidrogas","tag-mindef","tag-mininter","tag-ministerio-de-defensa","tag-ministerio-del-interior","tag-policia-nacional"],"_links":{"self":[{"href":"https:\/\/elinformanteperu.com\/index.php\/wp-json\/wp\/v2\/posts\/85129","targetHints":{"allow":["GET"]}}],"collection":[{"href":"https:\/\/elinformanteperu.com\/index.php\/wp-json\/wp\/v2\/posts"}],"about":[{"href":"https:\/\/elinformanteperu.com\/index.php\/wp-json\/wp\/v2\/types\/post"}],"author":[{"embeddable":true,"href":"https:\/\/elinformanteperu.com\/index.php\/wp-json\/wp\/v2\/users\/1"}],"replies":[{"embeddable":true,"href":"https:\/\/elinformanteperu.com\/index.php\/wp-json\/wp\/v2\/comments?post=85129"}],"version-history":[{"count":1,"href":"https:\/\/elinformanteperu.com\/index.php\/wp-json\/wp\/v2\/posts\/85129\/revisions"}],"predecessor-version":[{"id":85131,"href":"https:\/\/elinformanteperu.com\/index.php\/wp-json\/wp\/v2\/posts\/85129\/revisions\/85131"}],"wp:featuredmedia":[{"embeddable":true,"href":"https:\/\/elinformanteperu.com\/index.php\/wp-json\/wp\/v2\/media\/85130"}],"wp:attachment":[{"href":"https:\/\/elinformanteperu.com\/index.php\/wp-json\/wp\/v2\/media?parent=85129"}],"wp:term":[{"taxonomy":"category","embeddable":true,"href":"https:\/\/elinformanteperu.com\/index.php\/wp-json\/wp\/v2\/categories?post=85129"},{"taxonomy":"post_tag","embeddable":true,"href":"https:\/\/elinformanteperu.com\/index.php\/wp-json\/wp\/v2\/tags?post=85129"}],"curies":[{"name":"wp","href":"https:\/\/api.w.org\/{rel}","templated":true}]}}