{"id":84384,"date":"2020-10-15T22:01:29","date_gmt":"2020-10-16T03:01:29","guid":{"rendered":"https:\/\/elinformanteperu.com\/?p=84384"},"modified":"2020-10-15T23:40:27","modified_gmt":"2020-10-16T04:40:27","slug":"minsa-estas-razones-hacen-de-las-playas-un-peligro-para-el-contagio-del-covid-19","status":"publish","type":"post","link":"https:\/\/elinformanteperu.com\/index.php\/2020\/10\/15\/minsa-estas-razones-hacen-de-las-playas-un-peligro-para-el-contagio-del-covid-19\/","title":{"rendered":"Minsa: estas razones hacen de las playas un peligro para el contagio del covid-19"},"content":{"rendered":"<p><strong><span style=\"color: #000000;\">Ministra Mazzetti indic\u00f3 que se eval\u00faan experiencias en varios pa\u00edses para tomar decisi\u00f3n final sobre estos espacio<\/span><\/strong><\/p>\n<p><span style=\"color: #000000;\"><strong>Lima, 15 Octubre 2020, (ANDINA).-<\/strong> Mascarillas mojadas por el sudor, cero distanciamiento f\u00edsico y comportamientos inadecuados que vulneran el sistema de protecci\u00f3n para evitar el covid-19 son algunas razones que sustentan lo peligroso de visitar, en este momento, las playas, consideradas desde ya un posible foco infeccioso del nuevo coronavirus.<\/span><\/p>\n<p><span style=\"color: #000000;\">\u201cIr a la playa es algo que todos deseamos. Hemos estado con serias restricciones por seis meses y estamos desesperados por salir, pero ir a la playa implica ahora un gran riesgo\u201d, sostuvo la ministra de Salud, Pilar Mazzetti, en conferencia de prensa virtual.<\/span><\/p>\n<p><span style=\"color: #000000;\">Indic\u00f3 que la primera raz\u00f3n para evitar acudir a ellas es la aglomeraci\u00f3n de p\u00fablico, olvid\u00e1ndonos que estamos en medio de una emergencia sanitaria.<\/span><\/p>\n<p><span style=\"color: #000000;\">\u201cMiremos las fotos de los \u00faltimos fines de semana donde hemos visto aglomeraciones tremendas. La cercan\u00eda de las personas es un gran problema. (\u2026) Podr\u00edamos lotizar, poner cintas y tener turnos para entrar a la playa. La pregunta es \u00bflos vamos a respetar? Es una pregunta para la poblaci\u00f3n\u201d, indic\u00f3.<\/span><\/p>\n<p><span style=\"color: #000000;\">Como segunda raz\u00f3n, mencion\u00f3 que la mascarilla se humedece y cuando eso ocurre su capacidad protectora se anula.<\/span><\/p>\n<p><span style=\"color: #000000;\">\u201cEstoy sudando y se moja, estornudo dentro y tengo que cambiarla. Entonces, el sudor, el agua son un problema. Las mascarillas ya no protegen\u201d.<\/span><\/p>\n<p><span style=\"color: #000000;\">Otra situaci\u00f3n de riesgo es el contacto con las personas que ofrecen sombrillas o lo que haya para protegerse del sol. En todas esas situaciones se tocar\u00e1 una serie de objetos. \u201cTodas las cosas que nos den en la playa implican contacto y riesgo de infecci\u00f3n\u201d.<\/span><\/p>\n<p><strong><span style=\"color: #000000;\">Comer y hablar<\/span><\/strong><\/p>\n<p><span style=\"color: #000000;\">La ministra coment\u00f3 que en la playa ocurren otros fen\u00f3menos como el comer, porque habr\u00e1 personas que buscar\u00e1n hacerlo, as\u00ed como tomar agua, y para ello se bajar\u00e1n la mascarilla, rompiendo con la barrera de protecci\u00f3n del covid-19.<\/span><\/p>\n<p><span style=\"color: #000000;\">Y por si esto fuera poco, muchos se pondr\u00e1n a conversar tambi\u00e9n con la mascarilla abajo, justamente por el sofoco que provoca tenerla puesta en un lugar con altas temperaturas.<\/span><\/p>\n<p><span style=\"color: #000000;\">Y qu\u00e9 pasar\u00e1 con los que quieren nadar, se pregunt\u00f3 la ministra. Har\u00e1n exactamente lo mismo: se sacar\u00e1n la mascarilla y al volver todos mojados buscar\u00e1n coloc\u00e1rsela, pero al hacerlo la van a humedecer, con lo cual habr\u00e1n anulado su capacidad de protegernos.<\/span><\/p>\n<p><span style=\"color: #000000;\">\u201cEl riesgo de la playa es el riesgo de la falta de cumplimiento de normas que indican distanciamiento, uso de mascarilla y desinfectar nuestras manos. Las playas son de alto riesgo, pero no por la playa en s\u00ed, sino por nosotros, los seres humanos. Creo que en esta nueva convivencia tenemos que encontrar otras formas de uso de los espacios sociales\u201d, coment\u00f3.<\/span><\/p>\n<p><span style=\"color: #000000;\">Indic\u00f3 que en este momento se requiere del aporte de la poblaci\u00f3n, pero tambi\u00e9n de los alcaldes para dar un nuevo uso a los espacios sociales \u201cque nos permitan con todo derecho relajarnos, hacer actividad\u201d, sin olvidar \u201cque todos tenemos el derecho de ser protegidos y proteger a nuestras familias\u201d.<\/span><\/p>\n<p><strong><span style=\"color: #000000;\">\u201cMiren Francia y Espa\u00f1a\u201d<\/span><\/strong><\/p>\n<p><span style=\"color: #000000;\">Anunci\u00f3 que, as\u00ed como se est\u00e1 haciendo la revisi\u00f3n de medicamentos, se est\u00e1 haciendo tambi\u00e9n \u201cuna revisi\u00f3n comparativa del uso de las playas, las riberas, los lagos y las fuentes de agua en diferentes lugares del mundo para tener una serie de alternativas, poderlas discutir y encontrar la mejor medida posible\u201d.<\/span><\/p>\n<p><span style=\"color: #000000;\">Coment\u00f3 que cualquier medida que se tome tendr\u00e1 relaci\u00f3n directa con las condiciones epidemiol\u00f3gicas del pa\u00eds, porque si estas cambian, empeoran, \u201ctendr\u00edamos que volver a tomar medidas tremendamente estrictas que ninguno de nosotros quisiera\u201d.<\/span><\/p>\n<p><span style=\"color: #000000;\">\u201cPor esta raz\u00f3n todos debemos ser ecu\u00e1nimes y tener un cierto nivel de sacrificio en este momento, con miras a que no tengamos que hacer cosas m\u00e1s terribles m\u00e1s adelante. Miren la experiencia de lo que est\u00e1 ocurriendo en Europa, en Espa\u00f1a, en Francia en este momento\u201d, exhort\u00f3.<\/span><\/p>\n<p><span style=\"color: #000000;\">Pidi\u00f3 a la poblaci\u00f3n reflexionar sobre nuestro comportamiento social y la importancia de que cada uno de nosotros analice los riesgos de ir a un espacio como la playa.<\/span><\/p>\n<p><span style=\"color: #000000;\">\u00abNuestro ministerio est\u00e1 reuniendo la informaci\u00f3n y diferentes alternativas, y tomar\u00e1 la decisi\u00f3n m\u00e1s racional posible. De nada sirve un lindo fin de semana haciendo lo que quiero en la playa y, luego, tres semanas en una Unidad de Cuidados Intensivos\u201d, remarc\u00f3.<\/span><\/p>\n","protected":false},"excerpt":{"rendered":"<p>Ministra Mazzetti indic\u00f3 que se eval\u00faan experiencias en varios pa\u00edses para tomar decisi\u00f3n final sobre estos espacio Lima, 15 Octubre 2020, (ANDINA).- Mascarillas mojadas por el sudor, cero distanciamiento f\u00edsico y comportamientos inadecuados que vulneran el sistema de protecci\u00f3n para evitar el covid-19 son algunas razones que sustentan lo peligroso de visitar, en este momento, [&hellip;]<\/p>\n","protected":false},"author":1,"featured_media":84385,"comment_status":"open","ping_status":"open","sticky":false,"template":"","format":"standard","meta":{"rop_custom_images_group":[],"rop_custom_messages_group":[],"rop_publish_now":"initial","rop_publish_now_accounts":[],"rop_publish_now_history":[],"rop_publish_now_status":"pending","footnotes":""},"categories":[10,5745],"tags":[388,431,5400,1204],"class_list":["post-84384","post","type-post","status-publish","format-standard","has-post-thumbnail","hentry","category-actualidad-municipal","category-lo-ultimo","tag-ministerio-de-salud","tag-minsa","tag-pilar-mazzetti","tag-playa"],"_links":{"self":[{"href":"https:\/\/elinformanteperu.com\/index.php\/wp-json\/wp\/v2\/posts\/84384","targetHints":{"allow":["GET"]}}],"collection":[{"href":"https:\/\/elinformanteperu.com\/index.php\/wp-json\/wp\/v2\/posts"}],"about":[{"href":"https:\/\/elinformanteperu.com\/index.php\/wp-json\/wp\/v2\/types\/post"}],"author":[{"embeddable":true,"href":"https:\/\/elinformanteperu.com\/index.php\/wp-json\/wp\/v2\/users\/1"}],"replies":[{"embeddable":true,"href":"https:\/\/elinformanteperu.com\/index.php\/wp-json\/wp\/v2\/comments?post=84384"}],"version-history":[{"count":1,"href":"https:\/\/elinformanteperu.com\/index.php\/wp-json\/wp\/v2\/posts\/84384\/revisions"}],"predecessor-version":[{"id":84386,"href":"https:\/\/elinformanteperu.com\/index.php\/wp-json\/wp\/v2\/posts\/84384\/revisions\/84386"}],"wp:featuredmedia":[{"embeddable":true,"href":"https:\/\/elinformanteperu.com\/index.php\/wp-json\/wp\/v2\/media\/84385"}],"wp:attachment":[{"href":"https:\/\/elinformanteperu.com\/index.php\/wp-json\/wp\/v2\/media?parent=84384"}],"wp:term":[{"taxonomy":"category","embeddable":true,"href":"https:\/\/elinformanteperu.com\/index.php\/wp-json\/wp\/v2\/categories?post=84384"},{"taxonomy":"post_tag","embeddable":true,"href":"https:\/\/elinformanteperu.com\/index.php\/wp-json\/wp\/v2\/tags?post=84384"}],"curies":[{"name":"wp","href":"https:\/\/api.w.org\/{rel}","templated":true}]}}