{"id":84176,"date":"2020-10-13T00:50:23","date_gmt":"2020-10-13T05:50:23","guid":{"rendered":"https:\/\/elinformanteperu.com\/?p=84176"},"modified":"2020-10-13T00:50:23","modified_gmt":"2020-10-13T05:50:23","slug":"podemos-peru-pide-investigar-a-orestes-sanchez-en-comision-etica","status":"publish","type":"post","link":"https:\/\/elinformanteperu.com\/index.php\/2020\/10\/13\/podemos-peru-pide-investigar-a-orestes-sanchez-en-comision-etica\/","title":{"rendered":"Podemos Per\u00fa pide investigar a Orestes S\u00e1nchez en Comisi\u00f3n \u00c9tica"},"content":{"rendered":"<p><span style=\"color: #000000;\"><strong>Lima, 12 Octubre 2020, (ANDINA).-<\/strong> La bancada Podemos Per\u00fa (PP) pidi\u00f3 a la Comisi\u00f3n de \u00c9tica Parlamentaria que inicie investigaciones contra el congresista Orestes S\u00e1nchez por la denuncia de un extrabajador del Congreso sobre un presunto recorte de sueldo.<\/span><\/p>\n<p><span style=\"color: #000000;\">Aron Espinoza, nuevo portavoz de PP, envi\u00f3 un oficio a Mirtha V\u00e1squez, vicepresidenta de dicho grupo de trabajo, para que abran pesquisas contra el legislador, cuya militancia en dicho partido ha sido suspendida.<\/span><\/p>\n<p><span style=\"color: #000000;\">\u201cEs importante esclarecer las graves imputaciones que se efect\u00faan en contra del mencionado parlamentario, siendo la Comisi\u00f3n de \u00c9tica la instancia pertinente de investigar y, en caso se compruebe la responsabilidad, recomiende al Pleno la sanci\u00f3n que corresponda\u201d, se\u00f1ala Espinoza.<\/span><\/p>\n<p><span style=\"color: #000000;\">Agrega que desde Podemos Per\u00fa respalda cualquier investigaci\u00f3n para que se llegue a la verdad de los hechos.<\/span><\/p>\n<p><span style=\"color: #000000;\">Podemos Per\u00fa separ\u00f3 de la vocer\u00eda de su bancada parlamentaria al congresista S\u00e1nchez, mientras se le investiga por este caso.<\/span><\/p>\n<p><span style=\"color: #000000;\">A trav\u00e9s de un comunicado, el Comit\u00e9 Ejecutivo Nacional y la bancada de esa agrupaci\u00f3n informaron que tambi\u00e9n se le suspendi\u00f3 la militancia partidaria, en tanto duren las investigaciones.<\/span><\/p>\n<p><span style=\"color: #000000;\">Miguel \u00c1ngel Calder\u00f3n Paz, extrabajador del congresista, asegur\u00f3 que fue obligado a depositar montos de hasta 2000 soles mensualmente en la cuenta de Juan David Perry Cruz, familiar del parlamentario de Podemos Per\u00fa.<\/span><\/p>\n<p><span style=\"color: #000000;\">Al respecto, el parlamentario Orestes S\u00e1nchez rechaz\u00f3 la acusaci\u00f3n en su contra y dijo que se trata de un ataque a su bancada por promover leyes como la eliminaci\u00f3n del sueldo vitalicio para presidentes. Agreg\u00f3 que denunciar\u00e1 a su extrabajador por difamaci\u00f3n.<\/span><\/p>\n","protected":false},"excerpt":{"rendered":"<p>Lima, 12 Octubre 2020, (ANDINA).- La bancada Podemos Per\u00fa (PP) pidi\u00f3 a la Comisi\u00f3n de \u00c9tica Parlamentaria que inicie investigaciones contra el congresista Orestes S\u00e1nchez por la denuncia de un extrabajador del Congreso sobre un presunto recorte de sueldo. Aron Espinoza, nuevo portavoz de PP, envi\u00f3 un oficio a Mirtha V\u00e1squez, vicepresidenta de dicho grupo [&hellip;]<\/p>\n","protected":false},"author":1,"featured_media":84177,"comment_status":"open","ping_status":"open","sticky":false,"template":"","format":"standard","meta":{"rop_custom_images_group":[],"rop_custom_messages_group":[],"rop_publish_now":"initial","rop_publish_now_accounts":[],"rop_publish_now_history":[],"rop_publish_now_status":"pending","footnotes":""},"categories":[5],"tags":[192,5515,2953],"class_list":["post-84176","post","type-post","status-publish","format-standard","has-post-thumbnail","hentry","category-actualidad-informativa","tag-congreso","tag-orestes-sanchez","tag-podemos-peru"],"_links":{"self":[{"href":"https:\/\/elinformanteperu.com\/index.php\/wp-json\/wp\/v2\/posts\/84176","targetHints":{"allow":["GET"]}}],"collection":[{"href":"https:\/\/elinformanteperu.com\/index.php\/wp-json\/wp\/v2\/posts"}],"about":[{"href":"https:\/\/elinformanteperu.com\/index.php\/wp-json\/wp\/v2\/types\/post"}],"author":[{"embeddable":true,"href":"https:\/\/elinformanteperu.com\/index.php\/wp-json\/wp\/v2\/users\/1"}],"replies":[{"embeddable":true,"href":"https:\/\/elinformanteperu.com\/index.php\/wp-json\/wp\/v2\/comments?post=84176"}],"version-history":[{"count":1,"href":"https:\/\/elinformanteperu.com\/index.php\/wp-json\/wp\/v2\/posts\/84176\/revisions"}],"predecessor-version":[{"id":84178,"href":"https:\/\/elinformanteperu.com\/index.php\/wp-json\/wp\/v2\/posts\/84176\/revisions\/84178"}],"wp:featuredmedia":[{"embeddable":true,"href":"https:\/\/elinformanteperu.com\/index.php\/wp-json\/wp\/v2\/media\/84177"}],"wp:attachment":[{"href":"https:\/\/elinformanteperu.com\/index.php\/wp-json\/wp\/v2\/media?parent=84176"}],"wp:term":[{"taxonomy":"category","embeddable":true,"href":"https:\/\/elinformanteperu.com\/index.php\/wp-json\/wp\/v2\/categories?post=84176"},{"taxonomy":"post_tag","embeddable":true,"href":"https:\/\/elinformanteperu.com\/index.php\/wp-json\/wp\/v2\/tags?post=84176"}],"curies":[{"name":"wp","href":"https:\/\/api.w.org\/{rel}","templated":true}]}}