{"id":84154,"date":"2020-10-12T22:53:45","date_gmt":"2020-10-13T03:53:45","guid":{"rendered":"https:\/\/elinformanteperu.com\/?p=84154"},"modified":"2020-10-12T22:53:45","modified_gmt":"2020-10-13T03:53:45","slug":"crimen-de-ambientalista-fiscalia-apela-decision-judicial-que-libero-a-dos-implicados","status":"publish","type":"post","link":"https:\/\/elinformanteperu.com\/index.php\/2020\/10\/12\/crimen-de-ambientalista-fiscalia-apela-decision-judicial-que-libero-a-dos-implicados\/","title":{"rendered":"Crimen de ambientalista: Fiscal\u00eda apela decisi\u00f3n judicial que liber\u00f3 a dos implicados"},"content":{"rendered":"<p><strong><span style=\"color: #000000;\">Roberto Pacheco Villanueva fue asesinado en la regi\u00f3n Madre de Dios<\/span><\/strong><\/p>\n<p><span style=\"color: #000000;\"><strong>Lima, 12 Octubre 2020, (ANDINA).-<\/strong> El Ministerio P\u00fablico apel\u00f3 el fallo del Juzgado de Paz Letrado con funciones del Juzgado de Investigaci\u00f3n Preparatoria de Laberinto (Madre de Dios), que dispuso la libertad de Hilario Mamani Churata y Rolando Becerra Raime, detenidos como presuntos autores de la muerte del defensor ambientalista Roberto Pacheco Villanueva.<\/span><\/p>\n<p><span style=\"color: #000000;\">Pese a las pruebas y evidencias recabadas por la Divisi\u00f3n de Investigaciones de Alta Complejidad, el juez supernumerario orden\u00f3 la libraci\u00f3n, que se produce debido a que la Sala de Apelaciones declar\u00f3 nula la resoluci\u00f3n que autoriz\u00f3 la detenci\u00f3n preliminar de otro de los imputados de asesinato, Leonidas Cris\u00f3logo Mujica Mayorga, pero no se pronunci\u00f3 sobre los otros dos detenidos.<\/span><\/p>\n<p><span style=\"color: #000000;\">Esta decisi\u00f3n es un rev\u00e9s para el equipo de investigaci\u00f3n que trabaja en el esclarecimiento de la muerte de Pacheco Villanueva, cuyo cuerpo se hall\u00f3 el 11 de setiembre, que ha generado gran preocupaci\u00f3n e indignaci\u00f3n en el movimiento ambiental nacional e internacional.<\/span><\/p>\n<p><span style=\"color: #000000;\">El Ministerio P\u00fablico asegur\u00f3 que continuar\u00e1 la investigaci\u00f3n que corresponde hasta lograr la sanci\u00f3n penal para los autores del crimen.<\/span><\/p>\n","protected":false},"excerpt":{"rendered":"<p>Roberto Pacheco Villanueva fue asesinado en la regi\u00f3n Madre de Dios Lima, 12 Octubre 2020, (ANDINA).- El Ministerio P\u00fablico apel\u00f3 el fallo del Juzgado de Paz Letrado con funciones del Juzgado de Investigaci\u00f3n Preparatoria de Laberinto (Madre de Dios), que dispuso la libertad de Hilario Mamani Churata y Rolando Becerra Raime, detenidos como presuntos autores [&hellip;]<\/p>\n","protected":false},"author":1,"featured_media":84155,"comment_status":"open","ping_status":"open","sticky":false,"template":"","format":"standard","meta":{"rop_custom_images_group":[],"rop_custom_messages_group":[],"rop_publish_now":"initial","rop_publish_now_accounts":[],"rop_publish_now_history":[],"rop_publish_now_status":"pending","footnotes":""},"categories":[10],"tags":[370],"class_list":["post-84154","post","type-post","status-publish","format-standard","has-post-thumbnail","hentry","category-actualidad-municipal","tag-ministerio-publico"],"_links":{"self":[{"href":"https:\/\/elinformanteperu.com\/index.php\/wp-json\/wp\/v2\/posts\/84154","targetHints":{"allow":["GET"]}}],"collection":[{"href":"https:\/\/elinformanteperu.com\/index.php\/wp-json\/wp\/v2\/posts"}],"about":[{"href":"https:\/\/elinformanteperu.com\/index.php\/wp-json\/wp\/v2\/types\/post"}],"author":[{"embeddable":true,"href":"https:\/\/elinformanteperu.com\/index.php\/wp-json\/wp\/v2\/users\/1"}],"replies":[{"embeddable":true,"href":"https:\/\/elinformanteperu.com\/index.php\/wp-json\/wp\/v2\/comments?post=84154"}],"version-history":[{"count":1,"href":"https:\/\/elinformanteperu.com\/index.php\/wp-json\/wp\/v2\/posts\/84154\/revisions"}],"predecessor-version":[{"id":84156,"href":"https:\/\/elinformanteperu.com\/index.php\/wp-json\/wp\/v2\/posts\/84154\/revisions\/84156"}],"wp:featuredmedia":[{"embeddable":true,"href":"https:\/\/elinformanteperu.com\/index.php\/wp-json\/wp\/v2\/media\/84155"}],"wp:attachment":[{"href":"https:\/\/elinformanteperu.com\/index.php\/wp-json\/wp\/v2\/media?parent=84154"}],"wp:term":[{"taxonomy":"category","embeddable":true,"href":"https:\/\/elinformanteperu.com\/index.php\/wp-json\/wp\/v2\/categories?post=84154"},{"taxonomy":"post_tag","embeddable":true,"href":"https:\/\/elinformanteperu.com\/index.php\/wp-json\/wp\/v2\/tags?post=84154"}],"curies":[{"name":"wp","href":"https:\/\/api.w.org\/{rel}","templated":true}]}}