{"id":84152,"date":"2020-10-12T22:50:33","date_gmt":"2020-10-13T03:50:33","guid":{"rendered":"https:\/\/elinformanteperu.com\/?p=84152"},"modified":"2020-10-12T23:46:01","modified_gmt":"2020-10-13T04:46:01","slug":"chimbote-bombero-supera-el-covid-19-tras-17-dias-en-cuidados-intensivos","status":"publish","type":"post","link":"https:\/\/elinformanteperu.com\/index.php\/2020\/10\/12\/chimbote-bombero-supera-el-covid-19-tras-17-dias-en-cuidados-intensivos\/","title":{"rendered":"Chimbote: bombero supera el covid-19 tras 17 d\u00edas en cuidados intensivos"},"content":{"rendered":"<p><strong><span style=\"color: #000000;\">A la fecha, 26,041 personas recibieron altas m\u00e9dicas y epidemiol\u00f3gicas en la regi\u00f3n \u00c1ncash<\/span><\/strong><\/p>\n<p><span style=\"color: #000000;\"><strong>Chimbote, 12 Octubre 2020, (ANDINA).-<\/strong> Los hombres de rojo celebran en Chimbote. El bombero voluntario C\u00e9sar Ugarte Cabanillas es el protagonista de una nueva historia con final victorioso frente al covid-19. \u00c9l venci\u00f3 la etapa cr\u00edtica de la enfermedad y, tras 17 d\u00edas en una unidad de cuidados intensivos, recibi\u00f3 el alta.<\/span><\/p>\n<p><span style=\"color: #000000;\">C\u00e9sar Ugarte recibi\u00f3 atenci\u00f3n m\u00e9dica en el hospital III de Essalud de Chimbote. Debido a complicaciones con su salud, fue ingresado a UCI, donde luch\u00f3 cada momento de estas dos semanas que se hicieron interminables para sus familiares y amigos, quienes anhelaban verlo recuperado.<\/span><\/p>\n<p><span style=\"color: #000000;\">Finalmente, gracias al cuidado del personal m\u00e9dico y al esfuerzo y voluntad del hombre de rojo, hoy sus familiares celebran su triunfo sobre el coronavirus.<\/span><\/p>\n<p><strong><span style=\"color: #000000;\">Hermanos de fuego<\/span><\/strong><\/p>\n<p><span style=\"color: #000000;\">El vicecomandante departamental de Bomberos de \u00c1ncash, Miguel Cabrera, tuvo emotivas palabras para su compa\u00f1ero tras conocerse la noticia de su recuperaci\u00f3n.<\/span><\/p>\n<p><span style=\"color: #000000;\">\u00abLe doy gracias a Dios porque ganaste la batalla contra este virus maligno, qu\u00e9 alegr\u00eda saber que ya est\u00e1s en casa, mi hermano del alma, nuestras oraciones no fueron en vano, ahora toca cuidarse y seguir recuper\u00e1ndote, sabes que te quiero mucho y espero pronto darte un gran abrazo por todo este tiempo que nos tuviste en angustia. Bendiciones, mi hermano de fuego\u00bb, escribi\u00f3 Cabrera en sus redes sociales.<\/span><\/p>\n<p><span style=\"color: #000000;\">El estado de salud de Ugarte hab\u00eda causado preocupaci\u00f3n entre sus compa\u00f1eros, por lo que r\u00e1pidamente se convocaron a oraciones en l\u00ednea pidiendo por la recuperaci\u00f3n del hombre de rojo.<\/span><\/p>\n<p><span style=\"color: #000000;\">El bombero desempe\u00f1\u00f3 labores por un buen tiempo en la Compa\u00f1\u00eda N\u00b0107 de Nuevo Chimbote. Antes de contraer el covid-19, ven\u00eda haci\u00e9ndolo en la Compa\u00f1\u00eda Salvadora N\u00b033 de Chimbote.<\/span><\/p>\n<p><strong><span style=\"color: #000000;\">M\u00e1s de 26,000 victorias<\/span><\/strong><\/p>\n<p><span style=\"color: #000000;\">En la regi\u00f3n \u00c1ncash, hasta el d\u00eda de hoy ya son 26,041 personas las que han podido recuperarse del nuevo coronavirus. La cifra representa casi el 72% del total de contagios confirmados hasta la fecha.<\/span><\/p>\n<p><span style=\"color: #000000;\">En las \u00faltimas 24 horas, de acuerdo con la Sala Situacional Covid-19 de la Direcci\u00f3n Regional de Salud de \u00c1ncash, se reportaron 157 nuevos contagios, pero tambi\u00e9n 270 ancashinos recuperados.<\/span><\/p>\n<p><span style=\"color: #000000;\">Chimbote es el distrito con m\u00e1s recuperados: 8,768 personas que han recibido el alta, tanto en sus viviendas como en hospitales, lo que equivale al 75% de casos detectados.<\/span><\/p>\n","protected":false},"excerpt":{"rendered":"<p>A la fecha, 26,041 personas recibieron altas m\u00e9dicas y epidemiol\u00f3gicas en la regi\u00f3n \u00c1ncash Chimbote, 12 Octubre 2020, (ANDINA).- Los hombres de rojo celebran en Chimbote. El bombero voluntario C\u00e9sar Ugarte Cabanillas es el protagonista de una nueva historia con final victorioso frente al covid-19. \u00c9l venci\u00f3 la etapa cr\u00edtica de la enfermedad y, tras [&hellip;]<\/p>\n","protected":false},"author":1,"featured_media":84160,"comment_status":"open","ping_status":"open","sticky":false,"template":"","format":"standard","meta":{"rop_custom_images_group":[],"rop_custom_messages_group":[],"rop_publish_now":"initial","rop_publish_now_accounts":[],"rop_publish_now_history":[],"rop_publish_now_status":"pending","footnotes":""},"categories":[8],"tags":[1388,451],"class_list":["post-84152","post","type-post","status-publish","format-standard","has-post-thumbnail","hentry","category-disciplinas-deportivas","tag-chimbote","tag-essalud"],"_links":{"self":[{"href":"https:\/\/elinformanteperu.com\/index.php\/wp-json\/wp\/v2\/posts\/84152","targetHints":{"allow":["GET"]}}],"collection":[{"href":"https:\/\/elinformanteperu.com\/index.php\/wp-json\/wp\/v2\/posts"}],"about":[{"href":"https:\/\/elinformanteperu.com\/index.php\/wp-json\/wp\/v2\/types\/post"}],"author":[{"embeddable":true,"href":"https:\/\/elinformanteperu.com\/index.php\/wp-json\/wp\/v2\/users\/1"}],"replies":[{"embeddable":true,"href":"https:\/\/elinformanteperu.com\/index.php\/wp-json\/wp\/v2\/comments?post=84152"}],"version-history":[{"count":1,"href":"https:\/\/elinformanteperu.com\/index.php\/wp-json\/wp\/v2\/posts\/84152\/revisions"}],"predecessor-version":[{"id":84153,"href":"https:\/\/elinformanteperu.com\/index.php\/wp-json\/wp\/v2\/posts\/84152\/revisions\/84153"}],"wp:featuredmedia":[{"embeddable":true,"href":"https:\/\/elinformanteperu.com\/index.php\/wp-json\/wp\/v2\/media\/84160"}],"wp:attachment":[{"href":"https:\/\/elinformanteperu.com\/index.php\/wp-json\/wp\/v2\/media?parent=84152"}],"wp:term":[{"taxonomy":"category","embeddable":true,"href":"https:\/\/elinformanteperu.com\/index.php\/wp-json\/wp\/v2\/categories?post=84152"},{"taxonomy":"post_tag","embeddable":true,"href":"https:\/\/elinformanteperu.com\/index.php\/wp-json\/wp\/v2\/tags?post=84152"}],"curies":[{"name":"wp","href":"https:\/\/api.w.org\/{rel}","templated":true}]}}