{"id":84142,"date":"2020-10-12T21:19:13","date_gmt":"2020-10-13T02:19:13","guid":{"rendered":"https:\/\/elinformanteperu.com\/?p=84142"},"modified":"2020-10-13T00:39:00","modified_gmt":"2020-10-13T05:39:00","slug":"covid-19-raul-ruidiaz-y-alex-valera-desconvocados-para-partido-con-brasil","status":"publish","type":"post","link":"https:\/\/elinformanteperu.com\/index.php\/2020\/10\/12\/covid-19-raul-ruidiaz-y-alex-valera-desconvocados-para-partido-con-brasil\/","title":{"rendered":"Covid-19: Ra\u00fal Ruid\u00edaz y Alex Valera desconvocados para partido con Brasil"},"content":{"rendered":"<p><strong><span style=\"color: #000000;\">Dieron positivo a prueba PCR para descarte aplicada hoy, informa la FPF<\/span><\/strong><\/p>\n<p><span style=\"color: #000000;\"><strong>Lima, 12 Octubre 2020, (ANDINA).-<\/strong> Los seleccionados peruanos Ra\u00fal Ruid\u00edaz y Alex Valera quedaron desconvocados de la selecci\u00f3n peruana de f\u00fatbol para el partido frente a su similar de Brasil, tras haber dado positivo a una prueba PCR para descarte del covid-19, anunci\u00f3 esta noche la Federaci\u00f3n Peruana de F\u00fatbol (FPF).<\/span><\/p>\n<p><span style=\"color: #000000;\">Mediante su cuenta de Twitter, la FPF inform\u00f3 que ambos futbolistas, sin presentar sintomatolog\u00eda alguna, fueron sometidos hoy a las pruebas de descarte del covid-19 como parte del estricto protocolo de bioseguridad exigido por la FIFA y la Conmebol.<\/span><\/p>\n<p><span style=\"color: #000000;\">\u201cTras recibir los reportes de las pruebas PCR realizadas esta ma\u00f1ana, la Federaci\u00f3n Peruana de F\u00fatbol y los jugadores Ra\u00fal Ruid\u00edaz y Alex Valera anuncian, de forma conjunta, su desconvocatoria para el partido Per\u00fa vs. Brasil por las clasificatorias Qatar 2022\u201d, se\u00f1ala el comunicado.<\/span><\/p>\n<p><span style=\"color: #000000;\">Agrega que \u201cel estado de salud de los futbolistas no arroja sintomatolog\u00edas graves para tranquilidad de todos. En las horas previas al conocimiento de los resultados de las pruebas en menci\u00f3n, en estricto cumplimiento de los protocolos de bioseguridad, los futbolistas se mantuvieron en completo aislamiento\u201d.<\/span><\/p>\n<p><span style=\"color: #000000;\">En el comunicado se informa que la FPF pondr\u00e1 a disposici\u00f3n a su staff de profesionales m\u00e9dicos para el seguimiento de los casos mencionados. \u201cAs\u00ed mismo se seguir\u00e1 el proceso de aislamiento\u201d, asegura.<\/span><\/p>\n<p><span style=\"color: #000000;\">\u201cLa selecci\u00f3n peruana mantiene el firme compromiso de buscar este martes la victoria ante su rival\u201d, finaliza.<\/span><\/p>\n<p><img fetchpriority=\"high\" decoding=\"async\" class=\"aligncenter size-full wp-image-84144\" src=\"https:\/\/elinformanteperu.com\/wp-content\/uploads\/2020\/10\/fpf.jpg\" alt=\"\" width=\"575\" height=\"523\" srcset=\"https:\/\/elinformanteperu.com\/wp-content\/uploads\/2020\/10\/fpf.jpg 575w, https:\/\/elinformanteperu.com\/wp-content\/uploads\/2020\/10\/fpf-300x273.jpg 300w\" sizes=\"(max-width: 575px) 100vw, 575px\" \/><\/p>\n","protected":false},"excerpt":{"rendered":"<p>Dieron positivo a prueba PCR para descarte aplicada hoy, informa la FPF Lima, 12 Octubre 2020, (ANDINA).- Los seleccionados peruanos Ra\u00fal Ruid\u00edaz y Alex Valera quedaron desconvocados de la selecci\u00f3n peruana de f\u00fatbol para el partido frente a su similar de Brasil, tras haber dado positivo a una prueba PCR para descarte del covid-19, anunci\u00f3 [&hellip;]<\/p>\n","protected":false},"author":1,"featured_media":84143,"comment_status":"open","ping_status":"open","sticky":false,"template":"","format":"standard","meta":{"rop_custom_images_group":[],"rop_custom_messages_group":[],"rop_publish_now":"initial","rop_publish_now_accounts":[],"rop_publish_now_history":[],"rop_publish_now_status":"pending","footnotes":""},"categories":[8,5745],"tags":[],"class_list":["post-84142","post","type-post","status-publish","format-standard","has-post-thumbnail","hentry","category-disciplinas-deportivas","category-lo-ultimo"],"_links":{"self":[{"href":"https:\/\/elinformanteperu.com\/index.php\/wp-json\/wp\/v2\/posts\/84142","targetHints":{"allow":["GET"]}}],"collection":[{"href":"https:\/\/elinformanteperu.com\/index.php\/wp-json\/wp\/v2\/posts"}],"about":[{"href":"https:\/\/elinformanteperu.com\/index.php\/wp-json\/wp\/v2\/types\/post"}],"author":[{"embeddable":true,"href":"https:\/\/elinformanteperu.com\/index.php\/wp-json\/wp\/v2\/users\/1"}],"replies":[{"embeddable":true,"href":"https:\/\/elinformanteperu.com\/index.php\/wp-json\/wp\/v2\/comments?post=84142"}],"version-history":[{"count":1,"href":"https:\/\/elinformanteperu.com\/index.php\/wp-json\/wp\/v2\/posts\/84142\/revisions"}],"predecessor-version":[{"id":84145,"href":"https:\/\/elinformanteperu.com\/index.php\/wp-json\/wp\/v2\/posts\/84142\/revisions\/84145"}],"wp:featuredmedia":[{"embeddable":true,"href":"https:\/\/elinformanteperu.com\/index.php\/wp-json\/wp\/v2\/media\/84143"}],"wp:attachment":[{"href":"https:\/\/elinformanteperu.com\/index.php\/wp-json\/wp\/v2\/media?parent=84142"}],"wp:term":[{"taxonomy":"category","embeddable":true,"href":"https:\/\/elinformanteperu.com\/index.php\/wp-json\/wp\/v2\/categories?post=84142"},{"taxonomy":"post_tag","embeddable":true,"href":"https:\/\/elinformanteperu.com\/index.php\/wp-json\/wp\/v2\/tags?post=84142"}],"curies":[{"name":"wp","href":"https:\/\/api.w.org\/{rel}","templated":true}]}}