{"id":84139,"date":"2020-10-12T21:15:46","date_gmt":"2020-10-13T02:15:46","guid":{"rendered":"https:\/\/elinformanteperu.com\/?p=84139"},"modified":"2020-10-12T21:15:46","modified_gmt":"2020-10-13T02:15:46","slug":"seleccion-peruana-trabajo-en-el-nacional-y-probo-a-su-oncena-para-jugar-ante-brasil","status":"publish","type":"post","link":"https:\/\/elinformanteperu.com\/index.php\/2020\/10\/12\/seleccion-peruana-trabajo-en-el-nacional-y-probo-a-su-oncena-para-jugar-ante-brasil\/","title":{"rendered":"Selecci\u00f3n peruana trabaj\u00f3 en El Nacional y prob\u00f3 a su oncena para jugar ante Brasil"},"content":{"rendered":"<p><span style=\"color: #000000;\"><strong>Lima, 12 Octubre 2020, (ANDINA).-<\/strong> La selecci\u00f3n peruana volvi\u00f3 al Estadio Nacional y realiz\u00f3 su pen\u00faltimo entrenamiento con miras al partido de ma\u00f1ana ante Brasil por la segunda fecha de las Eliminatorias al Mundial Catar 2022, que se jugar\u00e1 a las 19:00 horas. La novedad ser\u00eda la inclusi\u00f3n de Jefferson Farf\u00e1n desde el inicio y la presencia de Christofer Gonzales por Christian Cueva.<\/span><\/p>\n<p><span style=\"color: #000000;\">Sin los jugadores Ra\u00fal Ruid\u00edaz, Aldair Rodr\u00edguez, Christian Ramos y Alex Valera, la selecci\u00f3n cumpli\u00f3 con el entrenamiento programado para esta tarde.<\/span><\/p>\n<p><span style=\"color: #000000;\">El t\u00e9cnico Ricardo Gareca prob\u00f3 con el siguiente once: Gallese, Adv\u00edncula, Zambrano, Abram, Trauco, Tapia, Aquino, Yot\u00fan, Carrillo, Gonzales, Farf\u00e1n.<\/span><\/p>\n<p><span style=\"color: #000000;\">Si bien Christian Cueva estuvo en la sesi\u00f3n de entrenamientos, todo parece indicar que Christofer Gonzales ser\u00e1 titular en su lugar. El otro cambio con respecto al partido con Paraguay es la presencia de Jefferson Farf\u00e1n como punta.<\/span><\/p>\n<blockquote class=\"twitter-tweet\">\n<p dir=\"ltr\" lang=\"es\">\u00a1De vuelta en casa! \ud83d\udc4a<\/p>\n<p>Nuestra <a href=\"https:\/\/twitter.com\/SeleccionPeru?ref_src=twsrc%5Etfw\">@SeleccionPeru<\/a> \ud83c\uddf5\ud83c\uddea trabaja en el Estadio Nacional a un d\u00eda del encuentro ante <a href=\"https:\/\/twitter.com\/CBF_Futebol?ref_src=twsrc%5Etfw\">@CBF_Futebol<\/a> \ud83c\udde7\ud83c\uddf7 por la fecha 02 de las Clasificatorias al Mundial Qatar 2022.<a href=\"https:\/\/twitter.com\/hashtag\/UnidosSomosM%C3%A1sFuertes?src=hash&amp;ref_src=twsrc%5Etfw\">#UnidosSomosM\u00e1sFuertes<\/a><a href=\"https:\/\/twitter.com\/hashtag\/ArribaPer%C3%BA?src=hash&amp;ref_src=twsrc%5Etfw\">#ArribaPer\u00fa<\/a> \ud83d\udcaa <a href=\"https:\/\/t.co\/wIG7SukVqu\">pic.twitter.com\/wIG7SukVqu<\/a><\/p>\n<p>\u2014 Selecci\u00f3n Peruana \ud83c\uddf5\ud83c\uddea (@SeleccionPeru) <a href=\"https:\/\/twitter.com\/SeleccionPeru\/status\/1315780323427463169?ref_src=twsrc%5Etfw\">October 12, 2020<\/a><\/p><\/blockquote>\n<p><script async src=\"https:\/\/platform.twitter.com\/widgets.js\" charset=\"utf-8\"><\/script><\/p>\n","protected":false},"excerpt":{"rendered":"<p>Lima, 12 Octubre 2020, (ANDINA).- La selecci\u00f3n peruana volvi\u00f3 al Estadio Nacional y realiz\u00f3 su pen\u00faltimo entrenamiento con miras al partido de ma\u00f1ana ante Brasil por la segunda fecha de las Eliminatorias al Mundial Catar 2022, que se jugar\u00e1 a las 19:00 horas. La novedad ser\u00eda la inclusi\u00f3n de Jefferson Farf\u00e1n desde el inicio y [&hellip;]<\/p>\n","protected":false},"author":1,"featured_media":84140,"comment_status":"open","ping_status":"open","sticky":false,"template":"","format":"standard","meta":{"rop_custom_images_group":[],"rop_custom_messages_group":[],"rop_publish_now":"initial","rop_publish_now_accounts":[],"rop_publish_now_history":[],"rop_publish_now_status":"pending","footnotes":""},"categories":[8],"tags":[4106,6161],"class_list":["post-84139","post","type-post","status-publish","format-standard","has-post-thumbnail","hentry","category-disciplinas-deportivas","tag-eliminatorias-catar-2022","tag-peru-brasil"],"_links":{"self":[{"href":"https:\/\/elinformanteperu.com\/index.php\/wp-json\/wp\/v2\/posts\/84139","targetHints":{"allow":["GET"]}}],"collection":[{"href":"https:\/\/elinformanteperu.com\/index.php\/wp-json\/wp\/v2\/posts"}],"about":[{"href":"https:\/\/elinformanteperu.com\/index.php\/wp-json\/wp\/v2\/types\/post"}],"author":[{"embeddable":true,"href":"https:\/\/elinformanteperu.com\/index.php\/wp-json\/wp\/v2\/users\/1"}],"replies":[{"embeddable":true,"href":"https:\/\/elinformanteperu.com\/index.php\/wp-json\/wp\/v2\/comments?post=84139"}],"version-history":[{"count":1,"href":"https:\/\/elinformanteperu.com\/index.php\/wp-json\/wp\/v2\/posts\/84139\/revisions"}],"predecessor-version":[{"id":84141,"href":"https:\/\/elinformanteperu.com\/index.php\/wp-json\/wp\/v2\/posts\/84139\/revisions\/84141"}],"wp:featuredmedia":[{"embeddable":true,"href":"https:\/\/elinformanteperu.com\/index.php\/wp-json\/wp\/v2\/media\/84140"}],"wp:attachment":[{"href":"https:\/\/elinformanteperu.com\/index.php\/wp-json\/wp\/v2\/media?parent=84139"}],"wp:term":[{"taxonomy":"category","embeddable":true,"href":"https:\/\/elinformanteperu.com\/index.php\/wp-json\/wp\/v2\/categories?post=84139"},{"taxonomy":"post_tag","embeddable":true,"href":"https:\/\/elinformanteperu.com\/index.php\/wp-json\/wp\/v2\/tags?post=84139"}],"curies":[{"name":"wp","href":"https:\/\/api.w.org\/{rel}","templated":true}]}}