{"id":84136,"date":"2020-10-12T21:12:15","date_gmt":"2020-10-13T02:12:15","guid":{"rendered":"https:\/\/elinformanteperu.com\/?p=84136"},"modified":"2020-10-12T21:12:15","modified_gmt":"2020-10-13T02:12:15","slug":"tite-dice-que-respeta-a-gareca-por-haber-clasificado-a-peru-a-rusia-2018","status":"publish","type":"post","link":"https:\/\/elinformanteperu.com\/index.php\/2020\/10\/12\/tite-dice-que-respeta-a-gareca-por-haber-clasificado-a-peru-a-rusia-2018\/","title":{"rendered":"Tite dice que respeta a Gareca por haber clasificado a Per\u00fa a Rusia 2018"},"content":{"rendered":"<p><span style=\"color: #000000;\"><strong>Lima, 12 Octubre 2020, (ANDINA).-<\/strong> El seleccionador brasile\u00f1o, Adenor Leonardo Bacchi, &#8216;Tite&#8217;, escondi\u00f3 la alineaci\u00f3n que pondr\u00e1 en campo este martes en el partido frente Per\u00fa en las eliminatorias suramericanas del Mundial de Catar 2022 para no dar pistas al t\u00e9cnico Ricardo Gareca.<\/span><\/p>\n<p><span style=\"color: #000000;\">\u00abTengo el equipo montado, no lo quiero decir, los jugadores lo saben desde ayer. La base y la estructura permanecen, las ideas permanecen, pero no quiero dar munici\u00f3n a Gareca, es un momento importante\u00bb, afirm\u00f3 Tite en una rueda de prensa previa al partido de este martes ante Per\u00fa, en Lima.<\/span><\/p>\n<p><span style=\"color: #000000;\">El seleccionador advirti\u00f3 que Per\u00fa es un rival \u00abimportante\u00bb con un nivel \u00abt\u00e9cnico y f\u00edsico\u00bb superior al de Bolivia, al que gole\u00f3 el pasado viernes por 5-0 en Sao Paulo.<\/span><\/p>\n<p><span style=\"color: #000000;\">Tite record\u00f3 que el principal desaf\u00edo ser\u00e1 mantener ante Per\u00fa el nivel demostrado frente a la selecci\u00f3n boliviana, aunque recalc\u00f3 que ahora enfrentar\u00e1n un \u00abadversario m\u00e1s fuerte en circunstancias m\u00e1s fuertes\u00bb.<\/span><\/p>\n<p><span style=\"color: #000000;\">Agreg\u00f3: \u00abUn respeto muy grande a Gareca. Logr\u00f3 clasificar a Per\u00fa despu\u00e9s de un largo per\u00edodo fuera del Mundial\u00bb, declar\u00f3 Tite, en conferencia de prensa desde Brasil.<\/span><\/p>\n<p><span style=\"color: #000000;\">El seleccionador comand\u00f3 hoy el \u00faltimo entrenamiento de la &#8216;Canarinha&#8217; en el Centro de Entrenamientos Joaquim Grava, de Sao Paulo, antes del viaje a Lima, en el cual estuvo presente Neymar, quien trabaj\u00f3 con normalidad en el campo despu\u00e9s de sufrir unos dolores en la regi\u00f3n lumbar antes del partido frente a Bolivia, en el que fue duda hasta \u00faltima hora.<\/span><\/p>\n<p><span style=\"color: #000000;\">\u00abF\u00edsicamente est\u00e1 bien, entrenamos normal hoy y ayer, sin ning\u00fan problema\u00bb, se\u00f1al\u00f3 Tite sobre las molestias del delantero del Par\u00eds Saint-Germain.<\/span><\/p>\n<p><span style=\"color: #000000;\">Tite recalc\u00f3 que desde el punto de vista t\u00e9cnico el jugador ha ganado una \u00ablibertad mayor que le permite fluctuar para ser un jugador de articulaci\u00f3n\u00bb, aunque continuar\u00e1 sin el brazalete en el partido frente a Per\u00fa.<\/span><\/p>\n<p><span style=\"color: #000000;\">La capitan\u00eda en este encuentro estar\u00e1 en manos de Thiago Silva, a quien Tite elogi\u00f3 por su \u00abalto nivel\u00bb y sus \u00abvalores morales\u00bb.<\/span><\/p>\n<p><span style=\"color: #000000;\">\u00abTenemos jugadores con liderazgo de emergencia fuerte. No hay nada definido como va a ser (en los pr\u00f3ximos encuentros). Hay jugadores importantes que pueden asumir esa responsabilidad\u00bb, asegur\u00f3.<\/span><\/p>\n<p><span style=\"color: #000000;\">El equipo tiene previsto llegar a Lima la noche de este lunes, para jugar al d\u00eda siguiente frente a los peruanos en el tradicional estadio Nacional.<\/span><\/p>\n<p><img fetchpriority=\"high\" decoding=\"async\" class=\"aligncenter size-full wp-image-83909\" src=\"https:\/\/elinformanteperu.com\/wp-content\/uploads\/2020\/10\/brasil-bolivia.jpg\" alt=\"\" width=\"1800\" height=\"1193\" srcset=\"https:\/\/elinformanteperu.com\/wp-content\/uploads\/2020\/10\/brasil-bolivia.jpg 1800w, https:\/\/elinformanteperu.com\/wp-content\/uploads\/2020\/10\/brasil-bolivia-300x199.jpg 300w, https:\/\/elinformanteperu.com\/wp-content\/uploads\/2020\/10\/brasil-bolivia-1024x679.jpg 1024w, https:\/\/elinformanteperu.com\/wp-content\/uploads\/2020\/10\/brasil-bolivia-768x509.jpg 768w, https:\/\/elinformanteperu.com\/wp-content\/uploads\/2020\/10\/brasil-bolivia-1536x1018.jpg 1536w, https:\/\/elinformanteperu.com\/wp-content\/uploads\/2020\/10\/brasil-bolivia-590x390.jpg 590w\" sizes=\"(max-width: 1800px) 100vw, 1800px\" \/><\/p>\n","protected":false},"excerpt":{"rendered":"<p>Lima, 12 Octubre 2020, (ANDINA).- El seleccionador brasile\u00f1o, Adenor Leonardo Bacchi, &#8216;Tite&#8217;, escondi\u00f3 la alineaci\u00f3n que pondr\u00e1 en campo este martes en el partido frente Per\u00fa en las eliminatorias suramericanas del Mundial de Catar 2022 para no dar pistas al t\u00e9cnico Ricardo Gareca. \u00abTengo el equipo montado, no lo quiero decir, los jugadores lo saben [&hellip;]<\/p>\n","protected":false},"author":1,"featured_media":84137,"comment_status":"open","ping_status":"open","sticky":false,"template":"","format":"standard","meta":{"rop_custom_images_group":[],"rop_custom_messages_group":[],"rop_publish_now":"initial","rop_publish_now_accounts":[],"rop_publish_now_history":[],"rop_publish_now_status":"pending","footnotes":""},"categories":[8],"tags":[6161,145],"class_list":["post-84136","post","type-post","status-publish","format-standard","has-post-thumbnail","hentry","category-disciplinas-deportivas","tag-peru-brasil","tag-tite"],"_links":{"self":[{"href":"https:\/\/elinformanteperu.com\/index.php\/wp-json\/wp\/v2\/posts\/84136","targetHints":{"allow":["GET"]}}],"collection":[{"href":"https:\/\/elinformanteperu.com\/index.php\/wp-json\/wp\/v2\/posts"}],"about":[{"href":"https:\/\/elinformanteperu.com\/index.php\/wp-json\/wp\/v2\/types\/post"}],"author":[{"embeddable":true,"href":"https:\/\/elinformanteperu.com\/index.php\/wp-json\/wp\/v2\/users\/1"}],"replies":[{"embeddable":true,"href":"https:\/\/elinformanteperu.com\/index.php\/wp-json\/wp\/v2\/comments?post=84136"}],"version-history":[{"count":1,"href":"https:\/\/elinformanteperu.com\/index.php\/wp-json\/wp\/v2\/posts\/84136\/revisions"}],"predecessor-version":[{"id":84138,"href":"https:\/\/elinformanteperu.com\/index.php\/wp-json\/wp\/v2\/posts\/84136\/revisions\/84138"}],"wp:featuredmedia":[{"embeddable":true,"href":"https:\/\/elinformanteperu.com\/index.php\/wp-json\/wp\/v2\/media\/84137"}],"wp:attachment":[{"href":"https:\/\/elinformanteperu.com\/index.php\/wp-json\/wp\/v2\/media?parent=84136"}],"wp:term":[{"taxonomy":"category","embeddable":true,"href":"https:\/\/elinformanteperu.com\/index.php\/wp-json\/wp\/v2\/categories?post=84136"},{"taxonomy":"post_tag","embeddable":true,"href":"https:\/\/elinformanteperu.com\/index.php\/wp-json\/wp\/v2\/tags?post=84136"}],"curies":[{"name":"wp","href":"https:\/\/api.w.org\/{rel}","templated":true}]}}