{"id":84134,"date":"2020-10-12T20:59:24","date_gmt":"2020-10-13T01:59:24","guid":{"rendered":"https:\/\/elinformanteperu.com\/?p=84134"},"modified":"2020-10-12T20:59:24","modified_gmt":"2020-10-13T01:59:24","slug":"cristiano-ronaldo-asegura-que-su-ultimo-mundial-sera-el-de-catar-2022","status":"publish","type":"post","link":"https:\/\/elinformanteperu.com\/index.php\/2020\/10\/12\/cristiano-ronaldo-asegura-que-su-ultimo-mundial-sera-el-de-catar-2022\/","title":{"rendered":"Cristiano Ronaldo asegura que su \u00faltimo Mundial ser\u00e1 el de Catar 2022"},"content":{"rendered":"<p><strong><span style=\"color: #000000;\">El delantero cree que ya es momento de dar un paso al costado en la selecci\u00f3n de Portugal<\/span><\/strong><\/p>\n<p><span style=\"color: #000000;\"><strong>Lima, 12 Octubre 2020, (ANDINA).-<\/strong> El delantero portugu\u00e9s ve cerca el d\u00eda de su retiro del f\u00fatbol competitivo y ya puso al Mundial Catar 2022 como el \u00faltimo certamen m\u00e1ximo al que acompa\u00f1ar\u00e1 a su selecci\u00f3n.<\/span><\/p>\n<p><span style=\"color: #000000;\">El goleador de la Juventus de Italia considera que su etapa de seleccionado est\u00e1 pr\u00f3ximo a llegar a su fin cuando tiene 35 a\u00f1os y es que para la cita en Catar 2022, el portugu\u00e9s tendr\u00e1 37 a\u00f1os.<\/span><\/p>\n<p><span style=\"color: #000000;\">\u00abEl Mundial de Qatar ser\u00e1 la \u00faltima cita en la que vestir\u00e9 la camiseta de mi pa\u00eds\u00bb, coment\u00f3 Ronaldo en Sportboible.<\/span><\/p>\n<p><span style=\"color: #000000;\">Cristiano es considerado uno de los mejores del mundo del mundo. Ha militado en grandes clubes como Real Madrid de Espa\u00f1a, Manchester United de Inglaterra y la Juventus de Italia.<\/span><\/p>\n<p><span style=\"color: #000000;\">Con la selecci\u00f3n de Portugal, CR7 gan\u00f3 los t\u00edtulos de la Eurocopa 2016 y la Nations League 2018.<\/span><\/p>\n<p><span style=\"color: #000000;\">Marc\u00f3 siete goles en mundiales, 17 en amistosos, 2 en la Copa de la Confederaciones, 9 en Copas UEFA, 5 en Nations League, 30 en eliminatorias a mundiales y 31 en eliminatorias de Eurocopa.<\/span><\/p>\n<p><img fetchpriority=\"high\" decoding=\"async\" class=\"aligncenter size-full wp-image-37052\" src=\"https:\/\/elinformanteperu.com\/wp-content\/uploads\/2018\/11\/cristiano-ronaldo-portugal.jpg\" alt=\"\" width=\"1800\" height=\"1199\" srcset=\"https:\/\/elinformanteperu.com\/wp-content\/uploads\/2018\/11\/cristiano-ronaldo-portugal.jpg 1800w, https:\/\/elinformanteperu.com\/wp-content\/uploads\/2018\/11\/cristiano-ronaldo-portugal-300x200.jpg 300w, https:\/\/elinformanteperu.com\/wp-content\/uploads\/2018\/11\/cristiano-ronaldo-portugal-768x512.jpg 768w, https:\/\/elinformanteperu.com\/wp-content\/uploads\/2018\/11\/cristiano-ronaldo-portugal-1024x682.jpg 1024w, https:\/\/elinformanteperu.com\/wp-content\/uploads\/2018\/11\/cristiano-ronaldo-portugal-128x85.jpg 128w, https:\/\/elinformanteperu.com\/wp-content\/uploads\/2018\/11\/cristiano-ronaldo-portugal-32x21.jpg 32w\" sizes=\"(max-width: 1800px) 100vw, 1800px\" \/><\/p>\n","protected":false},"excerpt":{"rendered":"<p>El delantero cree que ya es momento de dar un paso al costado en la selecci\u00f3n de Portugal Lima, 12 Octubre 2020, (ANDINA).- El delantero portugu\u00e9s ve cerca el d\u00eda de su retiro del f\u00fatbol competitivo y ya puso al Mundial Catar 2022 como el \u00faltimo certamen m\u00e1ximo al que acompa\u00f1ar\u00e1 a su selecci\u00f3n. El [&hellip;]<\/p>\n","protected":false},"author":1,"featured_media":66166,"comment_status":"open","ping_status":"open","sticky":false,"template":"","format":"standard","meta":{"rop_custom_images_group":[],"rop_custom_messages_group":[],"rop_publish_now":"initial","rop_publish_now_accounts":[],"rop_publish_now_history":[],"rop_publish_now_status":"pending","footnotes":""},"categories":[8],"tags":[234],"class_list":["post-84134","post","type-post","status-publish","format-standard","has-post-thumbnail","hentry","category-disciplinas-deportivas","tag-cristiano-ronaldo"],"_links":{"self":[{"href":"https:\/\/elinformanteperu.com\/index.php\/wp-json\/wp\/v2\/posts\/84134","targetHints":{"allow":["GET"]}}],"collection":[{"href":"https:\/\/elinformanteperu.com\/index.php\/wp-json\/wp\/v2\/posts"}],"about":[{"href":"https:\/\/elinformanteperu.com\/index.php\/wp-json\/wp\/v2\/types\/post"}],"author":[{"embeddable":true,"href":"https:\/\/elinformanteperu.com\/index.php\/wp-json\/wp\/v2\/users\/1"}],"replies":[{"embeddable":true,"href":"https:\/\/elinformanteperu.com\/index.php\/wp-json\/wp\/v2\/comments?post=84134"}],"version-history":[{"count":1,"href":"https:\/\/elinformanteperu.com\/index.php\/wp-json\/wp\/v2\/posts\/84134\/revisions"}],"predecessor-version":[{"id":84135,"href":"https:\/\/elinformanteperu.com\/index.php\/wp-json\/wp\/v2\/posts\/84134\/revisions\/84135"}],"wp:featuredmedia":[{"embeddable":true,"href":"https:\/\/elinformanteperu.com\/index.php\/wp-json\/wp\/v2\/media\/66166"}],"wp:attachment":[{"href":"https:\/\/elinformanteperu.com\/index.php\/wp-json\/wp\/v2\/media?parent=84134"}],"wp:term":[{"taxonomy":"category","embeddable":true,"href":"https:\/\/elinformanteperu.com\/index.php\/wp-json\/wp\/v2\/categories?post=84134"},{"taxonomy":"post_tag","embeddable":true,"href":"https:\/\/elinformanteperu.com\/index.php\/wp-json\/wp\/v2\/tags?post=84134"}],"curies":[{"name":"wp","href":"https:\/\/api.w.org\/{rel}","templated":true}]}}