{"id":84128,"date":"2020-10-12T00:14:06","date_gmt":"2020-10-12T05:14:06","guid":{"rendered":"https:\/\/elinformanteperu.com\/?p=84128"},"modified":"2020-10-12T00:14:06","modified_gmt":"2020-10-12T05:14:06","slug":"investigacion-por-caso-cisneros-marca-un-hito-en-la-historia-del-ministerio-publico","status":"publish","type":"post","link":"https:\/\/elinformanteperu.com\/index.php\/2020\/10\/12\/investigacion-por-caso-cisneros-marca-un-hito-en-la-historia-del-ministerio-publico\/","title":{"rendered":"Investigaci\u00f3n por caso Cisneros marca un hito en la historia del Ministerio P\u00fablico"},"content":{"rendered":"<p><strong><span style=\"color: #000000;\">Afirma fiscal Zoraida \u00c1valos<\/span><\/strong><\/p>\n<p><span style=\"color: #000000;\"><strong>Lima, 11 Octubre 2020, (ANDINA).-<\/strong> La fiscal de la Naci\u00f3n, Zoraida \u00c1valos, se\u00f1al\u00f3 que su decisi\u00f3n de abrir investigaci\u00f3n preliminar al presidente Mart\u00edn Vizcarra, por el caso Richard Cisneros, marca un hito en la historia del Ministerio P\u00fablico.<\/span><\/p>\n<p><span style=\"color: #000000;\">Explic\u00f3 que con los anteriores presidentes en ejercicio, la decisi\u00f3n que tomaban sus antecesores en el Ministerio P\u00fablico era no investigarlos, y las denuncias se archivaban, lo que no ha ocurrido en esta ocasi\u00f3n.<\/span><\/p>\n<p><span style=\"color: #000000;\">\u201cLa posici\u00f3n jur\u00eddica en el Ministerio P\u00fablico durante a\u00f1os ha sido no abrir investigaci\u00f3n a un presidente que est\u00e1 en mandato, y se ha archivaba (\u2026) En este caso (del presidente Mart\u00edn Vizcarra) tiene una particularidad, que hay una investigaci\u00f3n de un mes\u201d, manifest\u00f3 en el programa Punto Final de Latina.<\/span><\/p>\n<p><span style=\"color: #000000;\">Tras se\u00f1alar que ya notific\u00f3 al presidente Vizcarra de su decisi\u00f3n de abrir una investigaci\u00f3n preliminar en su contra, la fiscal \u00c1valos desminti\u00f3 que exista alg\u00fan acercamiento entre ella y el mandatario, y dijo que estos comentarios solo tratan de desacreditar las investigaciones que realiza su instituci\u00f3n.<\/span><\/p>\n<p><span style=\"color: #000000;\">\u201c\u00bfCercan\u00eda?, ninguna, es un af\u00e1n de desacreditar. \u00bfQu\u00e9 prueba hay que tengo una cercan\u00eda con el presidente? \u00bfAlguna vez me han visto tomando un caf\u00e9, conversando con \u00e9l? Jam\u00e1s. Mi relaci\u00f3n ha sido con \u00e9l enteramente funcional, como lo es con todos. No tengo ninguna relaci\u00f3n con ning\u00fan ministro, ni con el presidente ni con nadie, pero de alguna forma ten\u00edan que desacreditar las investigaciones que estamos haciendo\u201d, afirm\u00f3.<\/span><\/p>\n<p><span style=\"color: #000000;\">Asimismo, adelant\u00f3 que no se inhibir\u00e1 de investigar al presidente Vizcarra, como lo ha pedido el procurador Amado Enco, y tampoco retirar\u00e1 su pedido para que la exasistenta de Palacio de Gobierno, Karen Roca, se retracte de lo que dice de su persona en uno de los audios.<\/span><\/p>\n<p><span style=\"color: #000000;\">En ese sentido, reiter\u00f3 su rechazo al audio en el que se se\u00f1ala que \u00c1valos se habr\u00eda reunido con el presidente Vizcarra para organizar un complot contra los congresistas Omar Chehade y Edgar Alarc\u00f3n.<\/span><\/p>\n","protected":false},"excerpt":{"rendered":"<p>Afirma fiscal Zoraida \u00c1valos Lima, 11 Octubre 2020, (ANDINA).- La fiscal de la Naci\u00f3n, Zoraida \u00c1valos, se\u00f1al\u00f3 que su decisi\u00f3n de abrir investigaci\u00f3n preliminar al presidente Mart\u00edn Vizcarra, por el caso Richard Cisneros, marca un hito en la historia del Ministerio P\u00fablico. Explic\u00f3 que con los anteriores presidentes en ejercicio, la decisi\u00f3n que tomaban sus [&hellip;]<\/p>\n","protected":false},"author":1,"featured_media":71762,"comment_status":"open","ping_status":"open","sticky":false,"template":"","format":"standard","meta":{"rop_custom_images_group":[],"rop_custom_messages_group":[],"rop_publish_now":"initial","rop_publish_now_accounts":[],"rop_publish_now_history":[],"rop_publish_now_status":"pending","footnotes":""},"categories":[5],"tags":[430,370,3426],"class_list":["post-84128","post","type-post","status-publish","format-standard","has-post-thumbnail","hentry","category-actualidad-informativa","tag-fiscalia","tag-ministerio-publico","tag-zoraida-avalos"],"_links":{"self":[{"href":"https:\/\/elinformanteperu.com\/index.php\/wp-json\/wp\/v2\/posts\/84128","targetHints":{"allow":["GET"]}}],"collection":[{"href":"https:\/\/elinformanteperu.com\/index.php\/wp-json\/wp\/v2\/posts"}],"about":[{"href":"https:\/\/elinformanteperu.com\/index.php\/wp-json\/wp\/v2\/types\/post"}],"author":[{"embeddable":true,"href":"https:\/\/elinformanteperu.com\/index.php\/wp-json\/wp\/v2\/users\/1"}],"replies":[{"embeddable":true,"href":"https:\/\/elinformanteperu.com\/index.php\/wp-json\/wp\/v2\/comments?post=84128"}],"version-history":[{"count":1,"href":"https:\/\/elinformanteperu.com\/index.php\/wp-json\/wp\/v2\/posts\/84128\/revisions"}],"predecessor-version":[{"id":84129,"href":"https:\/\/elinformanteperu.com\/index.php\/wp-json\/wp\/v2\/posts\/84128\/revisions\/84129"}],"wp:featuredmedia":[{"embeddable":true,"href":"https:\/\/elinformanteperu.com\/index.php\/wp-json\/wp\/v2\/media\/71762"}],"wp:attachment":[{"href":"https:\/\/elinformanteperu.com\/index.php\/wp-json\/wp\/v2\/media?parent=84128"}],"wp:term":[{"taxonomy":"category","embeddable":true,"href":"https:\/\/elinformanteperu.com\/index.php\/wp-json\/wp\/v2\/categories?post=84128"},{"taxonomy":"post_tag","embeddable":true,"href":"https:\/\/elinformanteperu.com\/index.php\/wp-json\/wp\/v2\/tags?post=84128"}],"curies":[{"name":"wp","href":"https:\/\/api.w.org\/{rel}","templated":true}]}}