{"id":84123,"date":"2020-10-12T00:06:58","date_gmt":"2020-10-12T05:06:58","guid":{"rendered":"https:\/\/elinformanteperu.com\/?p=84123"},"modified":"2020-10-12T00:06:58","modified_gmt":"2020-10-12T05:06:58","slug":"presidente-rechazo-categoricamente-lo-manifestado-por-aspirante-a-colaborador-eficaz","status":"publish","type":"post","link":"https:\/\/elinformanteperu.com\/index.php\/2020\/10\/12\/presidente-rechazo-categoricamente-lo-manifestado-por-aspirante-a-colaborador-eficaz\/","title":{"rendered":"Presidente: Rechazo categ\u00f3ricamente lo manifestado por aspirante a colaborador eficaz"},"content":{"rendered":"<p><strong><span style=\"color: #000000;\">Proceso de licitaci\u00f3n de proyecto en Moquegua fue conducido por UNOPS, afirma<\/span><\/strong><\/p>\n<p><span style=\"color: #000000;\"><strong>Lima, 11 Octubre 2020, (ANDINA).-<\/strong> El presidente Mart\u00edn Vizcarra rechaz\u00f3 categ\u00f3ricamente la versi\u00f3n de un aspirante a colaborador eficaz que lo acusa de estar implicado en actos de corrupci\u00f3n cuando era gobernador regional de Moquegua.<\/span><\/p>\n<p><span style=\"color: #000000;\">\u00abQuiero empezar la entrevista rechazando categ\u00f3ricamente lo que afirma este aspirante a colaborador eficaz, que ha estado a\u00f1os en este proceso de aspirante porque nunca ha ofrecido prueba alguna. En toda mi vida no he estado tan indignado como ahora\u00bb, declar\u00f3 esta noche en el programa Panorama.<\/span><\/p>\n<p><span style=\"color: #000000;\">El presidente Vizcarra calific\u00f3 de \u00abfalsa\u00bb la versi\u00f3n de un aspirante a colaborador eficaz quien se\u00f1al\u00f3 que el jefe de Estado habr\u00eda favorecido al consorcio Obrainsa &#8211; Astaldi para ganar la licitaci\u00f3n del proyecto Lomas de Ilo cuando era gobernador regional de Moquegua, en 2013.<\/span><\/p>\n<p><span style=\"color: #000000;\">Precis\u00f3 que el proceso de licitaci\u00f3n de ese proyecto fue conducido completamente por la Oficina de las Naciones Unidas de Servicios para Proyectos (UNOPS) para garantizar transparencia.<\/span><\/p>\n<p><span style=\"color: #000000;\">\u201cEllos mantienen la informaci\u00f3n en absoluta reserva hasta que manifiestan qui\u00e9n es el ganador. Lo hicimos de esta manera para hacer una licitaci\u00f3n transparente\u201d, precis\u00f3.<\/span><\/p>\n<p><span style=\"color: #000000;\">Adem\u00e1s, dijo que cualquier consulta sobre esa licitaci\u00f3n se puede hacer a la UNOPS.<\/span><\/p>\n<p><span style=\"color: #000000;\">Manifest\u00f3 que una vez que el proyecto estuvo adjudicado, tuvo reuniones de car\u00e1cter t\u00e9cnico con la empresa ganadora de la licitaci\u00f3n.<\/span><\/p>\n<p><span style=\"color: #000000;\">Explic\u00f3 que se trataba de una obra importante para Moquegua, que era equivalente al proyecto Majes Siguas de Arequipa.<\/span><\/p>\n<p><strong><span style=\"color: #000000;\">Lucha anticorrupci\u00f3n<\/span><\/strong><\/p>\n<p><span style=\"color: #000000;\">El jefe de Estado record\u00f3 que durante su gesti\u00f3n como ministro de Transportes y Comunicaciones, denunci\u00f3 al Club de la Construcci\u00f3n, luego de constatar que los \u00faltimos 20 contratos suscritos con el Estado se adjudicaron al 108 por ciento de sobreprecio.<\/span><\/p>\n<p><span style=\"color: #000000;\">Asimismo, remarc\u00f3 que en el Per\u00fa impera la independencia de poderes del Estado y remarc\u00f3 que seguir\u00e1 comprometido en la lucha contra la corrupci\u00f3n.<\/span><\/p>\n<p><span style=\"color: #000000;\">\u00abAqu\u00ed m\u00e1s de una vez se ha comentado que Odebrecht pone y saca presidentes. A seis meses de las elecciones, lo que quisieron es que haya un presidente permisible con la corrupci\u00f3n. Hemos dado todas las facilidades para que la Fiscal\u00eda investigue\u00bb, acot\u00f3.<\/span><\/p>\n<p><iframe src=\"https:\/\/www.youtube-nocookie.com\/embed\/co7T3-E2tX8?controls=0\" width=\"520\" height=\"315\" frameborder=\"0\" allowfullscreen=\"allowfullscreen\"><span data-mce-type=\"bookmark\" style=\"display: inline-block; width: 0px; overflow: hidden; line-height: 0;\" class=\"mce_SELRES_start\">\ufeff<\/span><\/iframe><\/p>\n","protected":false},"excerpt":{"rendered":"<p>Proceso de licitaci\u00f3n de proyecto en Moquegua fue conducido por UNOPS, afirma Lima, 11 Octubre 2020, (ANDINA).- El presidente Mart\u00edn Vizcarra rechaz\u00f3 categ\u00f3ricamente la versi\u00f3n de un aspirante a colaborador eficaz que lo acusa de estar implicado en actos de corrupci\u00f3n cuando era gobernador regional de Moquegua. \u00abQuiero empezar la entrevista rechazando categ\u00f3ricamente lo que [&hellip;]<\/p>\n","protected":false},"author":1,"featured_media":84124,"comment_status":"open","ping_status":"open","sticky":false,"template":"","format":"standard","meta":{"rop_custom_images_group":[],"rop_custom_messages_group":[],"rop_publish_now":"initial","rop_publish_now_accounts":[],"rop_publish_now_history":[],"rop_publish_now_status":"pending","footnotes":""},"categories":[5,5745],"tags":[289],"class_list":["post-84123","post","type-post","status-publish","format-standard","has-post-thumbnail","hentry","category-actualidad-informativa","category-lo-ultimo","tag-martin-vizcarra"],"_links":{"self":[{"href":"https:\/\/elinformanteperu.com\/index.php\/wp-json\/wp\/v2\/posts\/84123","targetHints":{"allow":["GET"]}}],"collection":[{"href":"https:\/\/elinformanteperu.com\/index.php\/wp-json\/wp\/v2\/posts"}],"about":[{"href":"https:\/\/elinformanteperu.com\/index.php\/wp-json\/wp\/v2\/types\/post"}],"author":[{"embeddable":true,"href":"https:\/\/elinformanteperu.com\/index.php\/wp-json\/wp\/v2\/users\/1"}],"replies":[{"embeddable":true,"href":"https:\/\/elinformanteperu.com\/index.php\/wp-json\/wp\/v2\/comments?post=84123"}],"version-history":[{"count":1,"href":"https:\/\/elinformanteperu.com\/index.php\/wp-json\/wp\/v2\/posts\/84123\/revisions"}],"predecessor-version":[{"id":84125,"href":"https:\/\/elinformanteperu.com\/index.php\/wp-json\/wp\/v2\/posts\/84123\/revisions\/84125"}],"wp:featuredmedia":[{"embeddable":true,"href":"https:\/\/elinformanteperu.com\/index.php\/wp-json\/wp\/v2\/media\/84124"}],"wp:attachment":[{"href":"https:\/\/elinformanteperu.com\/index.php\/wp-json\/wp\/v2\/media?parent=84123"}],"wp:term":[{"taxonomy":"category","embeddable":true,"href":"https:\/\/elinformanteperu.com\/index.php\/wp-json\/wp\/v2\/categories?post=84123"},{"taxonomy":"post_tag","embeddable":true,"href":"https:\/\/elinformanteperu.com\/index.php\/wp-json\/wp\/v2\/tags?post=84123"}],"curies":[{"name":"wp","href":"https:\/\/api.w.org\/{rel}","templated":true}]}}