{"id":84118,"date":"2020-10-12T00:00:50","date_gmt":"2020-10-12T05:00:50","guid":{"rendered":"https:\/\/elinformanteperu.com\/?p=84118"},"modified":"2020-10-12T00:00:50","modified_gmt":"2020-10-12T05:00:50","slug":"ricardo-gareca-tenemos-argumentos-para-poder-ganarle-a-brasil","status":"publish","type":"post","link":"https:\/\/elinformanteperu.com\/index.php\/2020\/10\/12\/ricardo-gareca-tenemos-argumentos-para-poder-ganarle-a-brasil\/","title":{"rendered":"Ricardo Gareca: \u00abTenemos argumentos para poder ganarle a Brasil\u00bb"},"content":{"rendered":"<p><strong><span style=\"color: #000000;\">Renuncia a la marca especial a Neymar y dej\u00f3 la puerta abierta de la selecci\u00f3n a Lapadula<\/span><\/strong><\/p>\n<p><span style=\"color: #000000;\"><strong>Lima, 11 Octubre 2020, (ANDINA).-<\/strong> El t\u00e9cnico de la selecci\u00f3n peruana, Ricardo Gareca, dijo hoy que la escuadra nacional tiene los argumentos necesarios para ganarle a Brasil por lo que est\u00e1 preparando a su equipo para mejorar algunos aspectos puntuales. Dej\u00f3 abierta las puertas a Gianluca Lapadula si es que muestra su deseo de jugar en el conjunto nacional.<\/span><\/p>\n<p><span style=\"color: #000000;\">Gareca fue claro en precisar que no especular\u00e1 con el resultados por lo que en su cabeza pasa solo en ganar el encuentro ante los brasile\u00f1os, el martes 13, en el Estadio nacional<\/span><\/p>\n<p><span style=\"color: #000000;\">\u201cBrasil es una selecci\u00f3n respetamos muchos, que tiene todas las variantes. Nosotros tenemos los argumentos como para ganar el partido\u201d, dijo Gareca.<\/span><\/p>\n<p><span style=\"color: #000000;\">Agreg\u00f3: Nosotros no presupuestamos perder o empatar tal o cual partido porque en nuestra cabeza esta ganar. Tampoco analizamos de cu\u00e1ntos puntos sacamos. Solo creo en ganar los partidos\u201d<\/span><\/p>\n<p><span style=\"color: #000000;\">Sobre la falta de gol que persigue a Ra\u00fal Ruid\u00edaz, situaci\u00f3n que lo pone como el punto central de las cr\u00edticas por parte de la afici\u00f3n, Gareca, manifest\u00f3 que el delantero nacional es un jugador importante para la selecci\u00f3n y que conf\u00eda en que esa mala racha se romper\u00e1 muy pronto.<\/span><\/p>\n<p><span style=\"color: #000000;\">\u00abLos que fuimos jugadores de f\u00fatbol sabemos las rachas est\u00e1n para cortarse. Ra\u00fal (Ruid\u00edaz) tiene que estar metalizado. Para nosotros \u00e9l es importante. Se esta sacrificando por su pa\u00eds y los reconocemos. No ha tenido grandes posibilidades de anotar, pero siempre lo est\u00e1 buscando\u00bb, manifest\u00f3.<\/span><\/p>\n<p><strong><span style=\"color: #000000;\">Le abre las puertas a Lapadula<\/span><\/strong><\/p>\n<p><span style=\"color: #000000;\">Sobre la posibilidad de que el Gianluca Lapadula sea considerado en alg\u00fan momento en la escuadra nacional, el DT manifest\u00f3 que no le gusta hablar de jugadores que no est\u00e1n en su n\u00f3mina, pero mand\u00f3 un mensaje de que los que deseen estar en la Blanquirroja, bienvenidos.<\/span><\/p>\n<p><span style=\"color: #000000;\">\u00abNo quisiera hablar de jugadores que no est\u00e1n. La selecci\u00f3n esta abierta para los que quieren estar o deseen tener participaci\u00f3n\u00bb, indic\u00f3.<\/span><\/p>\n<p><span style=\"color: #000000;\">Sobre la posibilidad de hacer una marca especial a Neymar, quien es el jugador diferente en la selecci\u00f3n brasile\u00f1a, el estratega argentino manifest\u00f3 que su oncena tendr\u00e1 la misi\u00f3n de marcar a las figuras e ir al ataque a buscar el gol.<\/span><\/p>\n<p><span style=\"color: #000000;\">\u00abEsta fuera de discusi\u00f3n la capacidad de Neymar, pero Brasil cuenta con muchos jugadores importantes. Tenemos que hacer hincapi\u00e9 en Neymar, pero me interesa que los muchachos salten a jugar. Que asuman los dos compromisos a la hora de marcar y se suelte a jugar\u00bb<\/span><\/p>\n<p><strong><span style=\"color: #000000;\">Esperar\u00e1 a Cueva hasta el final<\/span><\/strong><\/p>\n<p><span style=\"color: #000000;\">En otro momento, neg\u00f3 que haya hablar con Carlos Zambrano para que mida con la fuerza que va a las jugadas y as\u00ed evitar una expulsi\u00f3n temprana, tal como pudo suceder en el encuentro con Paraguay cuando el defensa nacional fue con todo Almir\u00f3n.<\/span><\/p>\n<p><span style=\"color: #000000;\">\u00abNo tengo porque conversar con los muchachos (jugadores), ellos saben lo que nos etamos jugando. Me preocupa la recuperaci\u00f3n de cada uno y que lleguen de la mejor manera al partido. Las dem\u00e1s selecciones se juegan muchas cosas tambi\u00e9n\u00bb<\/span><\/p>\n<p><span style=\"color: #000000;\">Finalmente, manifest\u00f3 que esperar\u00e1 al volante Christian Cueva hasta horas antes del partido, ya que el jugador se encuentra un poco golpeado tras el encuentro con Paraguay.<\/span><\/p>\n<p><span style=\"color: #000000;\">\u00abVamos a ver c\u00f3mo Cueva va evolucionando, a partir de ah\u00ed veremos c\u00f3mo amanece el martes y sacaremos conclusiones. Hay que esperar que se recupere lo m\u00e1s r\u00e1pido\u00bb, concluy\u00f3.<\/span><\/p>\n<p><span style=\"color: #000000;\">La selecci\u00f3n peruana realizar\u00e1 ma\u00f1ana, a las 9:00 horas, su entrenamiento en el Estadio Nacional con miras al partido del martes 13 de octubre (19:00 horas) ante Brasil por la segunda jornada de las Eliminatorias al Mundial Catar 2022.<\/span><\/p>\n<p><img fetchpriority=\"high\" decoding=\"async\" class=\"aligncenter size-full wp-image-83512\" src=\"https:\/\/elinformanteperu.com\/wp-content\/uploads\/2020\/10\/seleccion-entrenamientos77.jpg\" alt=\"\" width=\"1800\" height=\"1200\" srcset=\"https:\/\/elinformanteperu.com\/wp-content\/uploads\/2020\/10\/seleccion-entrenamientos77.jpg 1800w, https:\/\/elinformanteperu.com\/wp-content\/uploads\/2020\/10\/seleccion-entrenamientos77-300x200.jpg 300w, https:\/\/elinformanteperu.com\/wp-content\/uploads\/2020\/10\/seleccion-entrenamientos77-1024x683.jpg 1024w, https:\/\/elinformanteperu.com\/wp-content\/uploads\/2020\/10\/seleccion-entrenamientos77-768x512.jpg 768w, https:\/\/elinformanteperu.com\/wp-content\/uploads\/2020\/10\/seleccion-entrenamientos77-1536x1024.jpg 1536w\" sizes=\"(max-width: 1800px) 100vw, 1800px\" \/><\/p>\n","protected":false},"excerpt":{"rendered":"<p>Renuncia a la marca especial a Neymar y dej\u00f3 la puerta abierta de la selecci\u00f3n a Lapadula Lima, 11 Octubre 2020, (ANDINA).- El t\u00e9cnico de la selecci\u00f3n peruana, Ricardo Gareca, dijo hoy que la escuadra nacional tiene los argumentos necesarios para ganarle a Brasil por lo que est\u00e1 preparando a su equipo para mejorar algunos [&hellip;]<\/p>\n","protected":false},"author":1,"featured_media":80979,"comment_status":"open","ping_status":"open","sticky":false,"template":"","format":"standard","meta":{"rop_custom_images_group":[],"rop_custom_messages_group":[],"rop_publish_now":"initial","rop_publish_now_accounts":[],"rop_publish_now_history":[],"rop_publish_now_status":"pending","footnotes":""},"categories":[8],"tags":[],"class_list":["post-84118","post","type-post","status-publish","format-standard","has-post-thumbnail","hentry","category-disciplinas-deportivas"],"_links":{"self":[{"href":"https:\/\/elinformanteperu.com\/index.php\/wp-json\/wp\/v2\/posts\/84118","targetHints":{"allow":["GET"]}}],"collection":[{"href":"https:\/\/elinformanteperu.com\/index.php\/wp-json\/wp\/v2\/posts"}],"about":[{"href":"https:\/\/elinformanteperu.com\/index.php\/wp-json\/wp\/v2\/types\/post"}],"author":[{"embeddable":true,"href":"https:\/\/elinformanteperu.com\/index.php\/wp-json\/wp\/v2\/users\/1"}],"replies":[{"embeddable":true,"href":"https:\/\/elinformanteperu.com\/index.php\/wp-json\/wp\/v2\/comments?post=84118"}],"version-history":[{"count":1,"href":"https:\/\/elinformanteperu.com\/index.php\/wp-json\/wp\/v2\/posts\/84118\/revisions"}],"predecessor-version":[{"id":84119,"href":"https:\/\/elinformanteperu.com\/index.php\/wp-json\/wp\/v2\/posts\/84118\/revisions\/84119"}],"wp:featuredmedia":[{"embeddable":true,"href":"https:\/\/elinformanteperu.com\/index.php\/wp-json\/wp\/v2\/media\/80979"}],"wp:attachment":[{"href":"https:\/\/elinformanteperu.com\/index.php\/wp-json\/wp\/v2\/media?parent=84118"}],"wp:term":[{"taxonomy":"category","embeddable":true,"href":"https:\/\/elinformanteperu.com\/index.php\/wp-json\/wp\/v2\/categories?post=84118"},{"taxonomy":"post_tag","embeddable":true,"href":"https:\/\/elinformanteperu.com\/index.php\/wp-json\/wp\/v2\/tags?post=84118"}],"curies":[{"name":"wp","href":"https:\/\/api.w.org\/{rel}","templated":true}]}}