{"id":84114,"date":"2020-10-11T23:56:09","date_gmt":"2020-10-12T04:56:09","guid":{"rendered":"https:\/\/elinformanteperu.com\/?p=84114"},"modified":"2020-10-12T00:08:18","modified_gmt":"2020-10-12T05:08:18","slug":"vizcarra-expresa-compromiso-para-reactivar-economia-y-garantizar-elecciones-libres","status":"publish","type":"post","link":"https:\/\/elinformanteperu.com\/index.php\/2020\/10\/11\/vizcarra-expresa-compromiso-para-reactivar-economia-y-garantizar-elecciones-libres\/","title":{"rendered":"Vizcarra expresa compromiso para reactivar econom\u00eda y garantizar elecciones libres"},"content":{"rendered":"<p><strong><span style=\"color: #000000;\">Derrotar a pandemia es otro de sus objetivos<\/span><\/strong><\/p>\n<p><span style=\"color: #000000;\"><strong>Lima, 11 Octubre 2020, (ANDINA).-<\/strong> El presidente de la Rep\u00fablica, Mart\u00edn Vizcarra, afirm\u00f3 que tiene tres objetivos de aqu\u00ed al 2021 cuando culmine su gesti\u00f3n gubernamental: derrotar a la pandemia del coronavirus, reactivar la econom\u00eda con empleo y garantizar elecciones transparentes y libres.<\/span><\/p>\n<p><span style=\"color: #000000;\">Manifest\u00f3 que el primer compromiso pasa no solo por derrotar a la pandemia del coronavirus (covid-19) y empalmar ese trabajo con la inmunizaci\u00f3n a trav\u00e9s de la vacunas contra esta enfermedad que viene afectando a todo el pa\u00eds.<\/span><\/p>\n<p><span style=\"color: #000000;\">El segundo objetivo es lograr una reactivaci\u00f3n econ\u00f3mica, pero que genere puesto de trabajo \u00abpara que la poblaci\u00f3n sienta en sus bolsillos ingresos para poder afrontar todo el efecto negativo que tuvo la pandemia socialmente\u00bb.<\/span><\/p>\n<p><span style=\"color: #000000;\">\u00abY para eso ayer empezamos como un complemento a la reactivaci\u00f3n econ\u00f3mica la transferencia del segundo bono que llegar\u00e1 a 8 millones 400,000 familias, de manera m\u00e1s ordenada, pues hubo una mayor depuraci\u00f3n en los beneficiarios y un mayor filtro, pero eso es un problema de no tener informaci\u00f3n actualizada que lo hemos hecho\u00bb, agreg\u00f3.<\/span><\/p>\n<p><span style=\"color: #000000;\">El jefe del Estado remarc\u00f3 que en los primeros meses de la pandemia se tuvo que cerrar la econom\u00eda porque se prioriz\u00f3 a la persona y la salud. Indic\u00f3 que si no se hubiera tomado esa medida la cifra de muertos no ser\u00eda 30 mil sino m\u00e1s de 200 mil.<\/span><\/p>\n<p><span style=\"color: #000000;\">En tanto, el tercer compromiso es garantizar elecciones transparentes y libres para que la poblaci\u00f3n tenga la posibilidad de elegir al pr\u00f3ximo presidente y su pr\u00f3xima plancha presidencial.<\/span><\/p>\n<p><span style=\"color: #000000;\">\u00abAs\u00ed como un Congreso que realmente luche contra la corrupci\u00f3n, que termine la reforma pol\u00edtica y judicial, que un presidente y autoridades que tengan sensibilidad social\u00bb, agreg\u00f3.<\/span><\/p>\n<p><span style=\"color: #000000;\">Al respecto, record\u00f3 que su encuentro con una se\u00f1ora en una actividad en la zona de El Agustino, quien le agradeci\u00f3 por \u00abhaberle abierto los ojos\u00bb para estar atentos y \u00abno dejarse enga\u00f1ar f\u00e1cilmente\u00bb.<\/span><\/p>\n<p><span style=\"color: #000000;\">\u00abEsta se\u00f1ora se refiere en que hab\u00eda mafias de diversas \u00edndole en el pa\u00eds, que eran intocables y que nosotros con mucha decisi\u00f3n y firmeza lo hemos enfrentamos, sabiendo a lo que nos expon\u00edamos, sabiendo que ahora se est\u00e1n cobrando la revancha y despu\u00e9s de cada uno de estos titulares quien sale a ver y atacar, lo hacen porque se sienten afectados\u00bb, a\u00f1adi\u00f3.<\/span><\/p>\n<p><iframe src=\"https:\/\/www.youtube-nocookie.com\/embed\/3VmLFYgyQBo?controls=0\" width=\"520\" height=\"315\" frameborder=\"0\" allowfullscreen=\"allowfullscreen\"><span data-mce-type=\"bookmark\" style=\"display: inline-block; width: 0px; overflow: hidden; line-height: 0;\" class=\"mce_SELRES_start\">\ufeff<\/span><\/iframe><\/p>\n","protected":false},"excerpt":{"rendered":"<p>Derrotar a pandemia es otro de sus objetivos Lima, 11 Octubre 2020, (ANDINA).- El presidente de la Rep\u00fablica, Mart\u00edn Vizcarra, afirm\u00f3 que tiene tres objetivos de aqu\u00ed al 2021 cuando culmine su gesti\u00f3n gubernamental: derrotar a la pandemia del coronavirus, reactivar la econom\u00eda con empleo y garantizar elecciones transparentes y libres. Manifest\u00f3 que el primer [&hellip;]<\/p>\n","protected":false},"author":1,"featured_media":84115,"comment_status":"open","ping_status":"open","sticky":false,"template":"","format":"standard","meta":{"rop_custom_images_group":[],"rop_custom_messages_group":[],"rop_publish_now":"initial","rop_publish_now_accounts":[],"rop_publish_now_history":[],"rop_publish_now_status":"pending","footnotes":""},"categories":[5],"tags":[289],"class_list":["post-84114","post","type-post","status-publish","format-standard","has-post-thumbnail","hentry","category-actualidad-informativa","tag-martin-vizcarra"],"_links":{"self":[{"href":"https:\/\/elinformanteperu.com\/index.php\/wp-json\/wp\/v2\/posts\/84114","targetHints":{"allow":["GET"]}}],"collection":[{"href":"https:\/\/elinformanteperu.com\/index.php\/wp-json\/wp\/v2\/posts"}],"about":[{"href":"https:\/\/elinformanteperu.com\/index.php\/wp-json\/wp\/v2\/types\/post"}],"author":[{"embeddable":true,"href":"https:\/\/elinformanteperu.com\/index.php\/wp-json\/wp\/v2\/users\/1"}],"replies":[{"embeddable":true,"href":"https:\/\/elinformanteperu.com\/index.php\/wp-json\/wp\/v2\/comments?post=84114"}],"version-history":[{"count":3,"href":"https:\/\/elinformanteperu.com\/index.php\/wp-json\/wp\/v2\/posts\/84114\/revisions"}],"predecessor-version":[{"id":84126,"href":"https:\/\/elinformanteperu.com\/index.php\/wp-json\/wp\/v2\/posts\/84114\/revisions\/84126"}],"wp:featuredmedia":[{"embeddable":true,"href":"https:\/\/elinformanteperu.com\/index.php\/wp-json\/wp\/v2\/media\/84115"}],"wp:attachment":[{"href":"https:\/\/elinformanteperu.com\/index.php\/wp-json\/wp\/v2\/media?parent=84114"}],"wp:term":[{"taxonomy":"category","embeddable":true,"href":"https:\/\/elinformanteperu.com\/index.php\/wp-json\/wp\/v2\/categories?post=84114"},{"taxonomy":"post_tag","embeddable":true,"href":"https:\/\/elinformanteperu.com\/index.php\/wp-json\/wp\/v2\/tags?post=84114"}],"curies":[{"name":"wp","href":"https:\/\/api.w.org\/{rel}","templated":true}]}}