{"id":84110,"date":"2020-10-11T15:03:12","date_gmt":"2020-10-11T20:03:12","guid":{"rendered":"https:\/\/elinformanteperu.com\/?p=84110"},"modified":"2020-10-12T00:03:47","modified_gmt":"2020-10-12T05:03:47","slug":"anuncian-nueva-mocion-de-vacancia-contra-el-presidente-martin-vizcarra","status":"publish","type":"post","link":"https:\/\/elinformanteperu.com\/index.php\/2020\/10\/11\/anuncian-nueva-mocion-de-vacancia-contra-el-presidente-martin-vizcarra\/","title":{"rendered":"Anuncian nueva moci\u00f3n de vacancia contra el presidente Mart\u00edn Vizcarra"},"content":{"rendered":"<p><span style=\"color: #000000;\"><strong>Lima, 11 Octubre 2020, (El Informante Per\u00fa).-<\/strong> El congresista de Uni\u00f3n Por el Per\u00fa, Jos\u00e9 Vega, anunci\u00f3 que presentar\u00e1 una nueva moci\u00f3n de vacancia contra el presidente Mart\u00edn Vizcarra Cornejo, por presuntamente haber recibido coimas de una constructora.<\/span><\/p>\n<p><span style=\"color: #000000;\">El anunci\u00f3 se hizo, luego de conocerse que un aspirante a colaborador eficaz declarara que la empresa Obrainsa y su socia Astaldi, de capital italiano, pagaron S\/1 mill\u00f3n en sobornos a Mart\u00edn Vizcarra cuando era gobernador regional de Moquegua.<\/span><\/p>\n<p><span style=\"color: #000000;\">Adem\u00e1s, se\u00f1al\u00f3 que hubo reuniones, previamente, con el actual presidente de la Rep\u00fablica en Lima, en las oficinas de Obrainsa. Ah\u00ed, Vizcarra Cornejo habr\u00eda solicitado a Elard Pa\u00fal Tejeda Moscoso, uno de los propietarios de la constructora Obrainsa, el pago como recompensa por la facilidad en la licitaci\u00f3n de la obra Lomas de Ilo.<\/span><\/p>\n<p><span style=\"color: #000000;\">En entrevista a RPP Noticias, Vega manifest\u00f3 que este lunes buscar\u00e1 recolectar firmas para presentar un nuevo pedido de vacancia contra el presidente de la Rep\u00fablica.<\/span><\/p>\n<p><span style=\"color: #000000;\">\u201cNosotros vemos este tema como algo grav\u00edsimo, hay colaboradores que han hablado. Vamos a promover una nueva vacancia. Ac\u00e1 hay evidencias claras de que hay coimas, de que hay corrupci\u00f3n. Desde el d\u00eda de ma\u00f1ana recolectaremos las firmas. Esto debe generar una vacancia por incapacidad moral permanente\u201d, indic\u00f3.<\/span><\/p>\n","protected":false},"excerpt":{"rendered":"<p>Lima, 11 Octubre 2020, (El Informante Per\u00fa).- El congresista de Uni\u00f3n Por el Per\u00fa, Jos\u00e9 Vega, anunci\u00f3 que presentar\u00e1 una nueva moci\u00f3n de vacancia contra el presidente Mart\u00edn Vizcarra Cornejo, por presuntamente haber recibido coimas de una constructora. El anunci\u00f3 se hizo, luego de conocerse que un aspirante a colaborador eficaz declarara que la empresa [&hellip;]<\/p>\n","protected":false},"author":1,"featured_media":75498,"comment_status":"open","ping_status":"open","sticky":false,"template":"","format":"standard","meta":{"rop_custom_images_group":[],"rop_custom_messages_group":[],"rop_publish_now":"initial","rop_publish_now_accounts":[],"rop_publish_now_history":[],"rop_publish_now_status":"pending","footnotes":""},"categories":[5,5745],"tags":[289,4751],"class_list":["post-84110","post","type-post","status-publish","format-standard","has-post-thumbnail","hentry","category-actualidad-informativa","category-lo-ultimo","tag-martin-vizcarra","tag-vacancia-vizcarra"],"_links":{"self":[{"href":"https:\/\/elinformanteperu.com\/index.php\/wp-json\/wp\/v2\/posts\/84110","targetHints":{"allow":["GET"]}}],"collection":[{"href":"https:\/\/elinformanteperu.com\/index.php\/wp-json\/wp\/v2\/posts"}],"about":[{"href":"https:\/\/elinformanteperu.com\/index.php\/wp-json\/wp\/v2\/types\/post"}],"author":[{"embeddable":true,"href":"https:\/\/elinformanteperu.com\/index.php\/wp-json\/wp\/v2\/users\/1"}],"replies":[{"embeddable":true,"href":"https:\/\/elinformanteperu.com\/index.php\/wp-json\/wp\/v2\/comments?post=84110"}],"version-history":[{"count":1,"href":"https:\/\/elinformanteperu.com\/index.php\/wp-json\/wp\/v2\/posts\/84110\/revisions"}],"predecessor-version":[{"id":84111,"href":"https:\/\/elinformanteperu.com\/index.php\/wp-json\/wp\/v2\/posts\/84110\/revisions\/84111"}],"wp:featuredmedia":[{"embeddable":true,"href":"https:\/\/elinformanteperu.com\/index.php\/wp-json\/wp\/v2\/media\/75498"}],"wp:attachment":[{"href":"https:\/\/elinformanteperu.com\/index.php\/wp-json\/wp\/v2\/media?parent=84110"}],"wp:term":[{"taxonomy":"category","embeddable":true,"href":"https:\/\/elinformanteperu.com\/index.php\/wp-json\/wp\/v2\/categories?post=84110"},{"taxonomy":"post_tag","embeddable":true,"href":"https:\/\/elinformanteperu.com\/index.php\/wp-json\/wp\/v2\/tags?post=84110"}],"curies":[{"name":"wp","href":"https:\/\/api.w.org\/{rel}","templated":true}]}}