{"id":84102,"date":"2020-10-11T14:18:34","date_gmt":"2020-10-11T19:18:34","guid":{"rendered":"https:\/\/elinformanteperu.com\/?p=84102"},"modified":"2020-10-11T14:18:34","modified_gmt":"2020-10-11T19:18:34","slug":"frente-policial-vraem-se-consolidara-como-gran-unidad-estrategica-en-la-pnp","status":"publish","type":"post","link":"https:\/\/elinformanteperu.com\/index.php\/2020\/10\/11\/frente-policial-vraem-se-consolidara-como-gran-unidad-estrategica-en-la-pnp\/","title":{"rendered":"Frente Policial Vraem se consolidar\u00e1 como gran unidad estrat\u00e9gica en la PNP"},"content":{"rendered":"<p><strong><span style=\"color: #000000;\">Ministro del Interior reconoci\u00f3 personalmente el trabajo esforzado de efectivos que combaten el narcotr\u00e1fico<\/span><\/strong><\/p>\n<p><span style=\"color: #000000;\"><strong>Lima, 11 Octubre 2020, (ANDINA).-<\/strong> El ministro del Interior, C\u00e9sar Gentille Vargas, reconoci\u00f3 el trabajo de los efectivos del Frente Policial Vraem, en su lucha frontal contra el narcotr\u00e1fico y el terrorismo, y los invoc\u00f3 a continuar por ese camino para consolidarse como una unidad estrat\u00e9gica y efectiva en la Polic\u00eda Nacional del Per\u00fa (PNP).<\/span><\/p>\n<p><span style=\"color: #000000;\">Durante una visita de trabajo \u2013el viernes y el s\u00e1bado\u2013 a las instalaciones de esta emblem\u00e1tica unidad policial, acantonada en el distrito cusque\u00f1o de Pichari, el ministro destac\u00f3 el esfuerzo articulado del personal para cumplir la importante misi\u00f3n de contribuir con la pacificaci\u00f3n de esta zona del pa\u00eds.<\/span><\/p>\n<p><span style=\"color: #000000;\">\u201cMi reconocimiento y felicitaci\u00f3n por su trabajo dentro de esta unidad emblem\u00e1tica para seguir posicionando al Frente Policial Vraem como una de las unidades estrat\u00e9gicas y operativas m\u00e1s efectivas que tenemos en la Polic\u00eda Nacional; ustedes son nuestro principal recurso\u201d, enfatiz\u00f3.<\/span><\/p>\n<p><strong><span style=\"color: #000000;\">Alianza estrat\u00e9gica<\/span><\/strong><\/p>\n<p><span style=\"color: #000000;\">Gentille a\u00f1adi\u00f3 que su gesti\u00f3n respalda de manera decidida la labor operativa de esta unidad en bien de la seguridad ciudadana y el orden p\u00fablico, y expres\u00f3 su intenci\u00f3n de mejorar las condiciones de trabajo de todo el personal que presta servicios en ella.<\/span><\/p>\n<p><span style=\"color: #000000;\">Durante las actividades en el Vraem, a donde lleg\u00f3 junto al ministro de Defensa, Jorge Ch\u00e1vez, el titular del Interior resalt\u00f3 la importancia de seguir impulsando la alianza estrat\u00e9gica entre la PNP y las Fuerzas Armadas para hacer frente a este tipo de flagelos en el Vraem.<\/span><\/p>\n<p><span style=\"color: #000000;\">\u201cEstamos prestos y operativos para impulsar un trabajo sincronizado y hermanado en una verdadera alianza estrat\u00e9gica. De esa forma, nuestra fuerza no estar\u00e1 fragmentada ni ser\u00e1 objeto de esfuerzos dispersos. Debemos apuntar a ello y les deseo todos los \u00e9xitos\u201d, manifest\u00f3.<\/span><\/p>\n<p><strong><span style=\"color: #000000;\">Golpe al narcotr\u00e1fico<\/span><\/strong><\/p>\n<p><span style=\"color: #000000;\">Posteriormente, el ministro se traslad\u00f3 a la base de la Divisi\u00f3n de Maniobra Contra el Tr\u00e1fico Il\u00edcito de Drogas, conocida como Los Sinchis de Mazamari, donde fueron presentados los resultados de un reciente operativo policial contra el tr\u00e1fico il\u00edcito de drogas.<\/span><\/p>\n<p><span style=\"color: #000000;\">La intervenci\u00f3n, destacada por el ministro Gentille como un duro golpe al narcotr\u00e1fico, permiti\u00f3 decomisar 421 kilos de alcaloide de coca\u00edna, que eran transportados en 10 sacos a bordo de una camioneta, a la altura del distrito del Tambo, en la provincia ayacuchana de La Mar.<\/span><\/p>\n<p><span style=\"color: #000000;\">Producto de esta operaci\u00f3n policial, tambi\u00e9n se detuvo a dos personas y se incaut\u00f3 cuatro armas de largo alcance abastecidas, as\u00ed como cacerinas y municiones sin percutar, lo que fue especialmente felicitado por el titular del sector.<\/span><\/p>\n","protected":false},"excerpt":{"rendered":"<p>Ministro del Interior reconoci\u00f3 personalmente el trabajo esforzado de efectivos que combaten el narcotr\u00e1fico Lima, 11 Octubre 2020, (ANDINA).- El ministro del Interior, C\u00e9sar Gentille Vargas, reconoci\u00f3 el trabajo de los efectivos del Frente Policial Vraem, en su lucha frontal contra el narcotr\u00e1fico y el terrorismo, y los invoc\u00f3 a continuar por ese camino para [&hellip;]<\/p>\n","protected":false},"author":1,"featured_media":84103,"comment_status":"open","ping_status":"open","sticky":false,"template":"","format":"standard","meta":{"rop_custom_images_group":[],"rop_custom_messages_group":[],"rop_publish_now":"initial","rop_publish_now_accounts":[],"rop_publish_now_history":[],"rop_publish_now_status":"pending","footnotes":""},"categories":[5],"tags":[6097,401,280,1060],"class_list":["post-84102","post","type-post","status-publish","format-standard","has-post-thumbnail","hentry","category-actualidad-informativa","tag-cesar-gentille-vargas","tag-mininter","tag-ministerio-del-interior","tag-vraem"],"_links":{"self":[{"href":"https:\/\/elinformanteperu.com\/index.php\/wp-json\/wp\/v2\/posts\/84102","targetHints":{"allow":["GET"]}}],"collection":[{"href":"https:\/\/elinformanteperu.com\/index.php\/wp-json\/wp\/v2\/posts"}],"about":[{"href":"https:\/\/elinformanteperu.com\/index.php\/wp-json\/wp\/v2\/types\/post"}],"author":[{"embeddable":true,"href":"https:\/\/elinformanteperu.com\/index.php\/wp-json\/wp\/v2\/users\/1"}],"replies":[{"embeddable":true,"href":"https:\/\/elinformanteperu.com\/index.php\/wp-json\/wp\/v2\/comments?post=84102"}],"version-history":[{"count":1,"href":"https:\/\/elinformanteperu.com\/index.php\/wp-json\/wp\/v2\/posts\/84102\/revisions"}],"predecessor-version":[{"id":84104,"href":"https:\/\/elinformanteperu.com\/index.php\/wp-json\/wp\/v2\/posts\/84102\/revisions\/84104"}],"wp:featuredmedia":[{"embeddable":true,"href":"https:\/\/elinformanteperu.com\/index.php\/wp-json\/wp\/v2\/media\/84103"}],"wp:attachment":[{"href":"https:\/\/elinformanteperu.com\/index.php\/wp-json\/wp\/v2\/media?parent=84102"}],"wp:term":[{"taxonomy":"category","embeddable":true,"href":"https:\/\/elinformanteperu.com\/index.php\/wp-json\/wp\/v2\/categories?post=84102"},{"taxonomy":"post_tag","embeddable":true,"href":"https:\/\/elinformanteperu.com\/index.php\/wp-json\/wp\/v2\/tags?post=84102"}],"curies":[{"name":"wp","href":"https:\/\/api.w.org\/{rel}","templated":true}]}}