{"id":84100,"date":"2020-10-11T14:16:36","date_gmt":"2020-10-11T19:16:36","guid":{"rendered":"https:\/\/elinformanteperu.com\/?p=84100"},"modified":"2020-10-11T14:16:36","modified_gmt":"2020-10-11T19:16:36","slug":"presidente-vizcarra-descarta-categoricamente-actos-de-corrupcion-en-obra-en-moquegua","status":"publish","type":"post","link":"https:\/\/elinformanteperu.com\/index.php\/2020\/10\/11\/presidente-vizcarra-descarta-categoricamente-actos-de-corrupcion-en-obra-en-moquegua\/","title":{"rendered":"Presidente Vizcarra descarta categ\u00f3ricamente actos de corrupci\u00f3n en obra en Moquegua"},"content":{"rendered":"<p><span style=\"color: #000000;\"><strong>Lima, 11 Octubre 2020, (ANDINA).-<\/strong> El presidente de la Rep\u00fablica, Mart\u00edn Vizcarra, neg\u00f3 categ\u00f3ricamente estar implicado en actos de corrupci\u00f3n en relaci\u00f3n a la obra Lomas de Ilo, cuando era gobernador regional de Moquegua, se\u00f1alado por un aspirante a colaborador eficaz.<\/span><\/p>\n<p><span style=\"color: #000000;\">\u201cLo niego categ\u00f3ricamente, absolutamente, una sola prueba, una prueba\u201d, dijo esta ma\u00f1ana al ser consultado en relaci\u00f3n al proyecto ejecutado por la empresa Obrainsa el 2013.<\/span><\/p>\n<p><span style=\"color: #000000;\">\u201cPodemos explicar en detalle ese tema, pero actos de corrupci\u00f3n en absoluto, lo niego categ\u00f3ricamente\u201d, sostuvo el mandatario durante la supervisi\u00f3n de la jornada de vacunaci\u00f3n en El Agustino.<\/span><\/p>\n<p><span style=\"color: #000000;\">El jefe de Estado dijo no creer que sea casualidad que salga esta declaraci\u00f3n despu\u00e9s de que expresara su extra\u00f1eza sobre por qu\u00e9 demoraban tanto las investigaciones a los casos de corrupci\u00f3n vinculados a la empresa Odebrecht.<\/span><\/p>\n<p><span style=\"color: #000000;\">\u201cNo es extra\u00f1o que cuando toco a Odebrecht, cuando hablo de luchar contra la corrupci\u00f3n, viene este tipo de titulares, \u00bfquieren callarme?, \u00bfpretenden que no toque a Odebrecht?, \u00bfpretende que no combata a la corrupci\u00f3n?\u201d, se pregunt\u00f3.<\/span><\/p>\n<p><span style=\"color: #000000;\">Al respecto, dijo que es \u201cclaro y categ\u00f3rico\u201d en se\u00f1alar que desde el primer d\u00eda de su gobierno ha luchado contra la corrupci\u00f3n en todos los actos que ha tomado y ha actuado en forma correcta, limpia y transparente, afectando a grandes intereses.<\/span><\/p>\n<p><span style=\"color: #000000;\">Consider\u00f3 adem\u00e1s que se buscar\u00eda intimidarlo y vacarlo de la Presidencia de la Rep\u00fablica.<\/span><\/p>\n<p><span style=\"color: #000000;\">\u201cHe dicho que siempre dar\u00e9 la cara, no me corro, seguir\u00e9 luchando contra la corrupci\u00f3n, \u00bfcreen que con esto me van a doblegar?, est\u00e1n muy equivocados, asumo cualquier consecuencia de mi combate contra la corrupci\u00f3n y vamos a seguir trabajando en ese sentido\u201d, afirm\u00f3.<\/span><\/p>\n<p><span style=\"color: #000000;\">Indic\u00f3 que dar\u00e1 las explicaciones que corresponda sobre este proyecto a la fiscal\u00eda y a la poblaci\u00f3n, a qui\u00e9n debe su respaldo y su confianza.<\/span><\/p>\n<p><span style=\"color: #000000;\">\u201cNi un mil\u00edmetro atr\u00e1s, no vamos a retroceder en la conducci\u00f3n de nuestra principal bandera: la lucha contra la corrupci\u00f3n\u201d, afirm\u00f3.<\/span><\/p>\n","protected":false},"excerpt":{"rendered":"<p>Lima, 11 Octubre 2020, (ANDINA).- El presidente de la Rep\u00fablica, Mart\u00edn Vizcarra, neg\u00f3 categ\u00f3ricamente estar implicado en actos de corrupci\u00f3n en relaci\u00f3n a la obra Lomas de Ilo, cuando era gobernador regional de Moquegua, se\u00f1alado por un aspirante a colaborador eficaz. \u201cLo niego categ\u00f3ricamente, absolutamente, una sola prueba, una prueba\u201d, dijo esta ma\u00f1ana al ser [&hellip;]<\/p>\n","protected":false},"author":1,"featured_media":83859,"comment_status":"open","ping_status":"open","sticky":false,"template":"","format":"standard","meta":{"rop_custom_images_group":[],"rop_custom_messages_group":[],"rop_publish_now":"initial","rop_publish_now_accounts":[],"rop_publish_now_history":[],"rop_publish_now_status":"pending","footnotes":""},"categories":[5],"tags":[3649,289,3796],"class_list":["post-84100","post","type-post","status-publish","format-standard","has-post-thumbnail","hentry","category-actualidad-informativa","tag-gobierno-regional-de-moquegua","tag-martin-vizcarra","tag-moquegua"],"_links":{"self":[{"href":"https:\/\/elinformanteperu.com\/index.php\/wp-json\/wp\/v2\/posts\/84100","targetHints":{"allow":["GET"]}}],"collection":[{"href":"https:\/\/elinformanteperu.com\/index.php\/wp-json\/wp\/v2\/posts"}],"about":[{"href":"https:\/\/elinformanteperu.com\/index.php\/wp-json\/wp\/v2\/types\/post"}],"author":[{"embeddable":true,"href":"https:\/\/elinformanteperu.com\/index.php\/wp-json\/wp\/v2\/users\/1"}],"replies":[{"embeddable":true,"href":"https:\/\/elinformanteperu.com\/index.php\/wp-json\/wp\/v2\/comments?post=84100"}],"version-history":[{"count":1,"href":"https:\/\/elinformanteperu.com\/index.php\/wp-json\/wp\/v2\/posts\/84100\/revisions"}],"predecessor-version":[{"id":84101,"href":"https:\/\/elinformanteperu.com\/index.php\/wp-json\/wp\/v2\/posts\/84100\/revisions\/84101"}],"wp:featuredmedia":[{"embeddable":true,"href":"https:\/\/elinformanteperu.com\/index.php\/wp-json\/wp\/v2\/media\/83859"}],"wp:attachment":[{"href":"https:\/\/elinformanteperu.com\/index.php\/wp-json\/wp\/v2\/media?parent=84100"}],"wp:term":[{"taxonomy":"category","embeddable":true,"href":"https:\/\/elinformanteperu.com\/index.php\/wp-json\/wp\/v2\/categories?post=84100"},{"taxonomy":"post_tag","embeddable":true,"href":"https:\/\/elinformanteperu.com\/index.php\/wp-json\/wp\/v2\/tags?post=84100"}],"curies":[{"name":"wp","href":"https:\/\/api.w.org\/{rel}","templated":true}]}}