{"id":84097,"date":"2020-10-11T14:13:14","date_gmt":"2020-10-11T19:13:14","guid":{"rendered":"https:\/\/elinformanteperu.com\/?p=84097"},"modified":"2020-10-11T14:13:14","modified_gmt":"2020-10-11T19:13:14","slug":"omonte-dirigentes-y-militantes-de-app-quieren-que-cesar-acuna-lidere-plancha-presidencial","status":"publish","type":"post","link":"https:\/\/elinformanteperu.com\/index.php\/2020\/10\/11\/omonte-dirigentes-y-militantes-de-app-quieren-que-cesar-acuna-lidere-plancha-presidencial\/","title":{"rendered":"Omonte: Dirigentes y militantes de APP quieren que C\u00e9sar Acu\u00f1a lidere plancha presidencial"},"content":{"rendered":"<p><span style=\"color: #000000;\"><strong>Lima, 11 Octubre 2020, (ANDINA).-<\/strong> La dirigencia y la militancia de Alianza para el Progreso (APP) consideran que C\u00e9sar Acu\u00f1a Peralta debe encabezar la plancha presidencial para las elecciones de 2021, asegur\u00f3 la congresista Carmen Omonte.<\/span><\/p>\n<p><span style=\"color: #000000;\">En declaraciones a la Agencia Andina, dijo que, al someterse a las elecciones internas, como lo dispone la norma, Acu\u00f1a Peralta tendr\u00e1 el \u201capoyo un\u00e1nime\u201d.<\/span><\/p>\n<p><span style=\"color: #000000;\">Indic\u00f3 que est\u00e1 ser\u00e1 la primera campa\u00f1a electoral para el presidente y fundador de APP, dado que en las anteriores elecciones particip\u00f3 en alianzas electorales y en las elecciones de 2016 su candidatura presidencial fue excluida.<\/span><\/p>\n<p><span style=\"color: #000000;\">Asegur\u00f3 que las elecciones internas en APP ser\u00e1n bajo la modalidad de delegados, toda vez que ser\u00e1 complicado movilizar a sus asociados debido a la pandemia del coronavirus (covid-19).<\/span><\/p>\n<p><span style=\"color: #000000;\">\u201cEstamos trabajando en un cronograma interno, se cumplir\u00e1 con los plazos establecidos en la norma\u201d, asegur\u00f3. <\/span><\/p>\n<p><span style=\"color: #000000;\">La parlamentaria indic\u00f3 adem\u00e1s que APP no realizar\u00e1 alianzas electorales y que han optado por ir solos a las elecciones de abril de 2021, con la confianza de tener 300 militantes.<\/span><\/p>\n<p><span style=\"color: #000000;\">\u201cVamos con la certeza de un buen trabajo. No hay alianzas electorales, bienvenidos lo que se quieran sumar, los independientes, simpatizantes, pero iremos como partido\u201d, afirm\u00f3.<\/span><\/p>\n<p><span style=\"color: #000000;\">Sostuvo que APP tiene un trabajo a nivel nacional y experiencia de gesti\u00f3n regional y local, lo que garantiza que no habr\u00e1 improvisaci\u00f3n.<\/span><\/p>\n","protected":false},"excerpt":{"rendered":"<p>Lima, 11 Octubre 2020, (ANDINA).- La dirigencia y la militancia de Alianza para el Progreso (APP) consideran que C\u00e9sar Acu\u00f1a Peralta debe encabezar la plancha presidencial para las elecciones de 2021, asegur\u00f3 la congresista Carmen Omonte. En declaraciones a la Agencia Andina, dijo que, al someterse a las elecciones internas, como lo dispone la norma, [&hellip;]<\/p>\n","protected":false},"author":1,"featured_media":84098,"comment_status":"open","ping_status":"open","sticky":false,"template":"","format":"standard","meta":{"rop_custom_images_group":[],"rop_custom_messages_group":[],"rop_publish_now":"initial","rop_publish_now_accounts":[],"rop_publish_now_history":[],"rop_publish_now_status":"pending","footnotes":""},"categories":[5],"tags":[275,5189,632],"class_list":["post-84097","post","type-post","status-publish","format-standard","has-post-thumbnail","hentry","category-actualidad-informativa","tag-alianza-para-el-progreso","tag-carmen-omonte","tag-cesar-acuna"],"_links":{"self":[{"href":"https:\/\/elinformanteperu.com\/index.php\/wp-json\/wp\/v2\/posts\/84097","targetHints":{"allow":["GET"]}}],"collection":[{"href":"https:\/\/elinformanteperu.com\/index.php\/wp-json\/wp\/v2\/posts"}],"about":[{"href":"https:\/\/elinformanteperu.com\/index.php\/wp-json\/wp\/v2\/types\/post"}],"author":[{"embeddable":true,"href":"https:\/\/elinformanteperu.com\/index.php\/wp-json\/wp\/v2\/users\/1"}],"replies":[{"embeddable":true,"href":"https:\/\/elinformanteperu.com\/index.php\/wp-json\/wp\/v2\/comments?post=84097"}],"version-history":[{"count":1,"href":"https:\/\/elinformanteperu.com\/index.php\/wp-json\/wp\/v2\/posts\/84097\/revisions"}],"predecessor-version":[{"id":84099,"href":"https:\/\/elinformanteperu.com\/index.php\/wp-json\/wp\/v2\/posts\/84097\/revisions\/84099"}],"wp:featuredmedia":[{"embeddable":true,"href":"https:\/\/elinformanteperu.com\/index.php\/wp-json\/wp\/v2\/media\/84098"}],"wp:attachment":[{"href":"https:\/\/elinformanteperu.com\/index.php\/wp-json\/wp\/v2\/media?parent=84097"}],"wp:term":[{"taxonomy":"category","embeddable":true,"href":"https:\/\/elinformanteperu.com\/index.php\/wp-json\/wp\/v2\/categories?post=84097"},{"taxonomy":"post_tag","embeddable":true,"href":"https:\/\/elinformanteperu.com\/index.php\/wp-json\/wp\/v2\/tags?post=84097"}],"curies":[{"name":"wp","href":"https:\/\/api.w.org\/{rel}","templated":true}]}}