{"id":84095,"date":"2020-10-11T14:09:08","date_gmt":"2020-10-11T19:09:08","guid":{"rendered":"https:\/\/elinformanteperu.com\/?p=84095"},"modified":"2020-10-11T14:09:08","modified_gmt":"2020-10-11T19:09:08","slug":"excongresistas-vilcatoma-y-bartra-no-estaran-en-lista-de-renovacion-popular","status":"publish","type":"post","link":"https:\/\/elinformanteperu.com\/index.php\/2020\/10\/11\/excongresistas-vilcatoma-y-bartra-no-estaran-en-lista-de-renovacion-popular\/","title":{"rendered":"Excongresistas Vilcatoma y Bartra no estar\u00e1n en lista de Renovaci\u00f3n Popular"},"content":{"rendered":"<p><strong><span style=\"color: #000000;\">Partido liderado por Rafael L\u00f3pez Aliaga ir\u00e1 a elecciones con militantes y sin alianzas<\/span><\/strong><\/p>\n<p><span style=\"color: #000000;\"><strong>Lima, 11 Octubre 2020, (ANDINA).-<\/strong> El presidente del Partido Renovaci\u00f3n Popular, Rafael L\u00f3pez Aliaga, asegur\u00f3 que las excongresistas Rosa Bartra y Yeni Vilcatoma no formar\u00e1n parte de su lista parlamentaria dado que su partido opt\u00f3 por ir a las elecciones de abril de 2021 con sus propios militantes y sin alianzas electorales.<\/span><\/p>\n<p><span style=\"color: #000000;\">L\u00f3pez Aliaga indic\u00f3 que tanto Bartra como Vilcatoma fueron invitadas para liderar su lista parlamentaria por Lima solo para las elecciones congresales de 2019.<\/span><\/p>\n<p><span style=\"color: #000000;\">\u201cAhora hemos preferido ver entre los afiliados, hemos tenido m\u00e1s de 7 mil afiliaciones en los \u00faltimos siete meses de dirigentes nacionales gremiales, sociales y ellas no est\u00e1n afiliadas. No queremos llevar a ning\u00fan invitado ni a nadie con pasado pol\u00edtico\u201d, asegur\u00f3 a la Agencia Andina.<\/span><\/p>\n<p><span style=\"color: #000000;\">Sostuvo adem\u00e1s que Renovaci\u00f3n Popular, antes Solidaridad Nacional, no tiene previsto realizar alianzas electorales para las elecciones de 2021, aunque se hab\u00eda evaluado esa posibilidad, pero los plazos electorales son cortos y lo hacen imposible.<\/span><\/p>\n<p><span style=\"color: #000000;\">En ese sentido, dijo que apostar\u00e1n por ir solos a las elecciones confiados en la filosof\u00eda social cristiana de su partido, con \u201cuna opci\u00f3n preferencial por los que menos tienen\u201d, con principios como \u201cla fraternidad y con Cristo fundamentalmente\u201d.<\/span><\/p>\n<p><span style=\"color: #000000;\">\u201cSobre esas bases s\u00f3lidas vamos a proponer dar soluci\u00f3n a los problemas del Per\u00fa, a los graves problemas de salud, la crisis econ\u00f3mica del pa\u00eds y altos endeudamientos, a la falta de agua, las compras de parte del Estado a peque\u00f1os productores agrarios, artesanos, turismo, todo est\u00e1 quebrado\u201d, refiri\u00f3.<\/span><\/p>\n<p><span style=\"color: #000000;\">Precis\u00f3 que Renovaci\u00f3n Popular todav\u00eda no ha definido la fecha para realizar sus elecciones internas a fin de definir a sus candidatos en la f\u00f3rmula presidencial y al Congreso de la Rep\u00fablica.<\/span><\/p>\n<p><span style=\"color: #000000;\">La modalidad, seg\u00fan dijo, ser\u00e1 la elecci\u00f3n a trav\u00e9s de delegados para evitar las aglomeraciones y los contagios por coronavirus (covid-19).<\/span><\/p>\n<p><strong><span style=\"color: #000000;\">Plancha presidencial<\/span><\/strong><\/p>\n<p><span style=\"color: #000000;\">L\u00f3pez Aliaga refiri\u00f3 que \u00e9l, junto al almirante (r) Jorge Montoya han expresado su voluntad para conformar una f\u00f3rmula presidencial como precandidatos a la presidencia y segunda vicepresidencia, respectivamente. Todav\u00eda no se ha definido una precandidatura a la primera vicepresidencia.<\/span><\/p>\n<p><span style=\"color: #000000;\">\u201cTenemos muchas coincidencias, ambos hemos expresado la voluntad de ser precandidatos y nos gustar\u00eda ir en la misma plancha, las listas deben ser elegidas en las internas a nivel nacional con la participaci\u00f3n de delegados de todas las circunscripciones electorales\u201d, asever\u00f3.<\/span><\/p>\n","protected":false},"excerpt":{"rendered":"<p>Partido liderado por Rafael L\u00f3pez Aliaga ir\u00e1 a elecciones con militantes y sin alianzas Lima, 11 Octubre 2020, (ANDINA).- El presidente del Partido Renovaci\u00f3n Popular, Rafael L\u00f3pez Aliaga, asegur\u00f3 que las excongresistas Rosa Bartra y Yeni Vilcatoma no formar\u00e1n parte de su lista parlamentaria dado que su partido opt\u00f3 por ir a las elecciones de [&hellip;]<\/p>\n","protected":false},"author":1,"featured_media":17795,"comment_status":"open","ping_status":"open","sticky":false,"template":"","format":"standard","meta":{"rop_custom_images_group":[],"rop_custom_messages_group":[],"rop_publish_now":"initial","rop_publish_now_accounts":[],"rop_publish_now_history":[],"rop_publish_now_status":"pending","footnotes":""},"categories":[5],"tags":[6154,6155,525,2383],"class_list":["post-84095","post","type-post","status-publish","format-standard","has-post-thumbnail","hentry","category-actualidad-informativa","tag-rafael-lopez-aliaga","tag-renovacion-popular","tag-rosa-bartra","tag-yeni-vilcatoma"],"_links":{"self":[{"href":"https:\/\/elinformanteperu.com\/index.php\/wp-json\/wp\/v2\/posts\/84095","targetHints":{"allow":["GET"]}}],"collection":[{"href":"https:\/\/elinformanteperu.com\/index.php\/wp-json\/wp\/v2\/posts"}],"about":[{"href":"https:\/\/elinformanteperu.com\/index.php\/wp-json\/wp\/v2\/types\/post"}],"author":[{"embeddable":true,"href":"https:\/\/elinformanteperu.com\/index.php\/wp-json\/wp\/v2\/users\/1"}],"replies":[{"embeddable":true,"href":"https:\/\/elinformanteperu.com\/index.php\/wp-json\/wp\/v2\/comments?post=84095"}],"version-history":[{"count":1,"href":"https:\/\/elinformanteperu.com\/index.php\/wp-json\/wp\/v2\/posts\/84095\/revisions"}],"predecessor-version":[{"id":84096,"href":"https:\/\/elinformanteperu.com\/index.php\/wp-json\/wp\/v2\/posts\/84095\/revisions\/84096"}],"wp:featuredmedia":[{"embeddable":true,"href":"https:\/\/elinformanteperu.com\/index.php\/wp-json\/wp\/v2\/media\/17795"}],"wp:attachment":[{"href":"https:\/\/elinformanteperu.com\/index.php\/wp-json\/wp\/v2\/media?parent=84095"}],"wp:term":[{"taxonomy":"category","embeddable":true,"href":"https:\/\/elinformanteperu.com\/index.php\/wp-json\/wp\/v2\/categories?post=84095"},{"taxonomy":"post_tag","embeddable":true,"href":"https:\/\/elinformanteperu.com\/index.php\/wp-json\/wp\/v2\/tags?post=84095"}],"curies":[{"name":"wp","href":"https:\/\/api.w.org\/{rel}","templated":true}]}}