{"id":84092,"date":"2020-10-11T14:06:00","date_gmt":"2020-10-11T19:06:00","guid":{"rendered":"https:\/\/elinformanteperu.com\/?p=84092"},"modified":"2020-10-11T14:06:00","modified_gmt":"2020-10-11T19:06:00","slug":"elecciones-2021-estos-son-los-hitos-electorales-que-se-cumplen-manana-12-de-octubre","status":"publish","type":"post","link":"https:\/\/elinformanteperu.com\/index.php\/2020\/10\/11\/elecciones-2021-estos-son-los-hitos-electorales-que-se-cumplen-manana-12-de-octubre\/","title":{"rendered":"Elecciones 2021: estos son los hitos electorales que se cumplen ma\u00f1ana 12 de octubre"},"content":{"rendered":"<p><span style=\"color: #000000;\"><strong>Lima, 11 Octubre 2020, (ANDINA).-<\/strong> Ma\u00f1ana, lunes 12 de octubre se cumplen varios hitos establecidos en el cronograma electoral publicado por el Jurado Nacional de Elecciones (JNE), con miras a las elecciones generales del a\u00f1o 2021. Conozcamos algunos de ellos.<\/span><\/p>\n<p><strong><span style=\"color: #000000;\">Alianzas electorales<\/span><\/strong><\/p>\n<p><span style=\"color: #000000;\">Los partidos pol\u00edticos tendr\u00e1n esta fecha l\u00edmite (lunes 12) para solicitar la inscripci\u00f3n de alianzas electorales junto a una o varias agrupaciones pol\u00edticas, con miras a participar en el proceso electoral del pr\u00f3ximo a\u00f1o.<\/span><\/p>\n<p><span style=\"color: #000000;\">Seg\u00fan el especialista del gabinete de asesores del JNE, Manuel Chuquillanqui, estas alianzas parten por el acuerdo entre una o varias agrupaciones y firman un acta, documento que deber\u00e1 ser presentado ante el Registro de Organizaciones Pol\u00edticas del JNE.<\/span><\/p>\n<p><span style=\"color: #000000;\">El acta debe contener los padrones de afiliados, el reglamento electoral que utilizar\u00e1n, as\u00ed como determinar el tesorero y personero legal de la alianza, siendo esta informaci\u00f3n evaluada y revisada para constatar que se cumplan con todas las formalidades de ley.<\/span><\/p>\n<p><strong><span style=\"color: #000000;\">Reglamento electoral<\/span><\/strong><\/p>\n<p><span style=\"color: #000000;\">El reglamento electoral tambi\u00e9n tendr\u00e1 con fecha l\u00edmite de entrega el 12 de octubre, este documento es importante para el sistema electoral, teniendo en cuenta que seg\u00fan las normas modificadas ahora tendr\u00e1n una participaci\u00f3n activa en las elecciones internas de los partidos pol\u00edticos.<\/span><\/p>\n<p><span style=\"color: #000000;\">\u201cAntes no era necesario conocer cu\u00e1les eran las reglas internas de una organizaci\u00f3n pol\u00edtica para elegir candidatos, pero como ahora los organismos electorales debemos participar para poder organizar la elecci\u00f3n resulta necesario saber cu\u00e1les son estas reglas\u201d, a\u00f1adi\u00f3 Chuquillanqui.<\/span><\/p>\n<p><span style=\"color: #000000;\">Este reglamento, a diferencia de otros documentos del partido pol\u00edtico, es emitido por el comit\u00e9 electoral de la agrupaci\u00f3n.<\/span><\/p>\n<p><strong><span style=\"color: #000000;\">Renuncias<\/span><\/strong><\/p>\n<p><span style=\"color: #000000;\">Ma\u00f1ana lunes tambi\u00e9n ser\u00e1 la fecha l\u00edmite para que los gobernadores regionales, vicegobernadores, alcaldes y otros funcionarios renuncien a sus cargos si es que quieren participar en las elecciones del 2021.<\/span><\/p>\n<p><span style=\"color: #000000;\">Tal como lo establece el cronograma electoral, estas deben ser comunicadas tanto a los consejos regionales y municipales, as\u00ed como otras instituciones, siendo que dicha renuncia sea posteriormente remitido al JNE.<\/span><\/p>\n<p><span style=\"color: #000000;\">Las renuncias podr\u00e1n ser remitidas a trav\u00e9s de la mesa de partes virtual de la m\u00e1xima entidad electoral, teniendo como plazo final el 19 de octubre.<\/span><\/p>\n<p><strong><span style=\"color: #000000;\">Elecciones internas<\/span><\/strong><\/p>\n<p><span style=\"color: #000000;\">Tambi\u00e9n se iniciar\u00e1 el periodo de convocatoria a las elecciones internas de cada organizaci\u00f3n pol\u00edtica, con miras a determinar a los candidatos a la Presidencia, vicepresidencias, Congreso y Parlamento Andino.<\/span><\/p>\n<p><span style=\"color: #000000;\">Este periodo se extender\u00e1 hasta el 15 de octubre.<\/span><\/p>\n","protected":false},"excerpt":{"rendered":"<p>Lima, 11 Octubre 2020, (ANDINA).- Ma\u00f1ana, lunes 12 de octubre se cumplen varios hitos establecidos en el cronograma electoral publicado por el Jurado Nacional de Elecciones (JNE), con miras a las elecciones generales del a\u00f1o 2021. Conozcamos algunos de ellos. Alianzas electorales Los partidos pol\u00edticos tendr\u00e1n esta fecha l\u00edmite (lunes 12) para solicitar la inscripci\u00f3n [&hellip;]<\/p>\n","protected":false},"author":1,"featured_media":84093,"comment_status":"open","ping_status":"open","sticky":false,"template":"","format":"standard","meta":{"rop_custom_images_group":[],"rop_custom_messages_group":[],"rop_publish_now":"initial","rop_publish_now_accounts":[],"rop_publish_now_history":[],"rop_publish_now_status":"pending","footnotes":""},"categories":[5],"tags":[5461],"class_list":["post-84092","post","type-post","status-publish","format-standard","has-post-thumbnail","hentry","category-actualidad-informativa","tag-elecciones-2021"],"_links":{"self":[{"href":"https:\/\/elinformanteperu.com\/index.php\/wp-json\/wp\/v2\/posts\/84092","targetHints":{"allow":["GET"]}}],"collection":[{"href":"https:\/\/elinformanteperu.com\/index.php\/wp-json\/wp\/v2\/posts"}],"about":[{"href":"https:\/\/elinformanteperu.com\/index.php\/wp-json\/wp\/v2\/types\/post"}],"author":[{"embeddable":true,"href":"https:\/\/elinformanteperu.com\/index.php\/wp-json\/wp\/v2\/users\/1"}],"replies":[{"embeddable":true,"href":"https:\/\/elinformanteperu.com\/index.php\/wp-json\/wp\/v2\/comments?post=84092"}],"version-history":[{"count":1,"href":"https:\/\/elinformanteperu.com\/index.php\/wp-json\/wp\/v2\/posts\/84092\/revisions"}],"predecessor-version":[{"id":84094,"href":"https:\/\/elinformanteperu.com\/index.php\/wp-json\/wp\/v2\/posts\/84092\/revisions\/84094"}],"wp:featuredmedia":[{"embeddable":true,"href":"https:\/\/elinformanteperu.com\/index.php\/wp-json\/wp\/v2\/media\/84093"}],"wp:attachment":[{"href":"https:\/\/elinformanteperu.com\/index.php\/wp-json\/wp\/v2\/media?parent=84092"}],"wp:term":[{"taxonomy":"category","embeddable":true,"href":"https:\/\/elinformanteperu.com\/index.php\/wp-json\/wp\/v2\/categories?post=84092"},{"taxonomy":"post_tag","embeddable":true,"href":"https:\/\/elinformanteperu.com\/index.php\/wp-json\/wp\/v2\/tags?post=84092"}],"curies":[{"name":"wp","href":"https:\/\/api.w.org\/{rel}","templated":true}]}}