{"id":84082,"date":"2020-10-11T13:38:40","date_gmt":"2020-10-11T18:38:40","guid":{"rendered":"https:\/\/elinformanteperu.com\/?p=84082"},"modified":"2020-10-11T13:38:40","modified_gmt":"2020-10-11T18:38:40","slug":"mazzetti-mas-de-116000-personas-fueron-inmunizadas-en-lo-que-va-de-jornada-de-vacunacion","status":"publish","type":"post","link":"https:\/\/elinformanteperu.com\/index.php\/2020\/10\/11\/mazzetti-mas-de-116000-personas-fueron-inmunizadas-en-lo-que-va-de-jornada-de-vacunacion\/","title":{"rendered":"Mazzetti: m\u00e1s de 116,000 personas fueron inmunizadas en lo que va de jornada de vacunaci\u00f3n"},"content":{"rendered":"<p><strong><span style=\"color: #000000;\">Titular del Minsa dijo que ni\u00f1os tambi\u00e9n ser\u00e1n vacunados contra la covid-19 cuando se apruebe una vacuna para ellos<\/span><\/strong><\/p>\n<p><span style=\"color: #000000;\"><strong>Lima, 11 Octubre 2020, (ANDINA).-<\/strong> En lo que va de la Jornada Nacional de Vacunaci\u00f3n, que se inici\u00f3 ayer s\u00e1bado 10 de octubre, el Ministerio de Salud (Minsa) ha superado las 116,000 personas inmunizadas, se\u00f1al\u00f3 hoy la titular del sector, Pilar Mazzetti. Galer\u00eda fotogr\u00e1fica<\/span><\/p>\n<p><span style=\"color: #000000;\">Desde el local de Sisol Salud, en San Juan de Lurigancho, Mazzetti destac\u00f3 la importancia de que ni\u00f1os y adultos reciban estas vacunas gratuitas para que est\u00e9n protegidos contra enfermedades como la tuberculosis, polio, difteria, t\u00e9tanos, influenza, neumon\u00eda, entre otras.<\/span><\/p>\n<p><span style=\"color: #000000;\">Dijo que esperan beneficiar a cerca de 300,000 personas, tras enfatizar que el Per\u00fa tiene uno de los mejores esquemas de vacunaci\u00f3n en Am\u00e9rica Latina.<\/span><\/p>\n<p><span style=\"color: #000000;\">En otro momento, Mazzetti dijo que cuando haya un ensayo cl\u00ednico de la vacuna contra el covid-19 para los ni\u00f1os, reci\u00e9n se podr\u00e1 vacunar a este grupo etario.<\/span><\/p>\n<p><span style=\"color: #000000;\">\u201cNo queremos decir que no los vamos a vacunar, que no queremos vacunarlos. De ninguna manera. Es simplemente que nuestros ni\u00f1os tienen que tener las condiciones de seguridad. Apenas tengamos una vacuna que se haya probado en ni\u00f1os procederemos a la vacunaci\u00f3n\u201d, subray\u00f3.<\/span><\/p>\n<p><span style=\"color: #000000;\">De otro lado, Mazzetti Soler dijo que a\u00fan no se registrar\u00e1n una disminuci\u00f3n de fallecidos a causa de la covid-19, y que se calcula que los decesos se mantengan en un promedio de 100 al d\u00eda.<\/span><\/p>\n<p><span style=\"color: #000000;\">La titular del Minsa estuvo acompa\u00f1ada por el alcalde de Lima, Jorge Mu\u00f1oz, quien anunci\u00f3 una pr\u00f3xima reuni\u00f3n con autoridades del Poder Ejecutivo para coordinar las acciones que se desarrollar\u00e1n ante la llegada de la temporada de verano a fin de reducir el riesgo de contagio de la covid-19 en las playas de la capital.<\/span><\/p>\n","protected":false},"excerpt":{"rendered":"<p>Titular del Minsa dijo que ni\u00f1os tambi\u00e9n ser\u00e1n vacunados contra la covid-19 cuando se apruebe una vacuna para ellos Lima, 11 Octubre 2020, (ANDINA).- En lo que va de la Jornada Nacional de Vacunaci\u00f3n, que se inici\u00f3 ayer s\u00e1bado 10 de octubre, el Ministerio de Salud (Minsa) ha superado las 116,000 personas inmunizadas, se\u00f1al\u00f3 hoy [&hellip;]<\/p>\n","protected":false},"author":1,"featured_media":84083,"comment_status":"open","ping_status":"open","sticky":false,"template":"","format":"standard","meta":{"rop_custom_images_group":[],"rop_custom_messages_group":[],"rop_publish_now":"initial","rop_publish_now_accounts":[],"rop_publish_now_history":[],"rop_publish_now_status":"pending","footnotes":""},"categories":[10],"tags":[388,431,5400],"class_list":["post-84082","post","type-post","status-publish","format-standard","has-post-thumbnail","hentry","category-actualidad-municipal","tag-ministerio-de-salud","tag-minsa","tag-pilar-mazzetti"],"_links":{"self":[{"href":"https:\/\/elinformanteperu.com\/index.php\/wp-json\/wp\/v2\/posts\/84082","targetHints":{"allow":["GET"]}}],"collection":[{"href":"https:\/\/elinformanteperu.com\/index.php\/wp-json\/wp\/v2\/posts"}],"about":[{"href":"https:\/\/elinformanteperu.com\/index.php\/wp-json\/wp\/v2\/types\/post"}],"author":[{"embeddable":true,"href":"https:\/\/elinformanteperu.com\/index.php\/wp-json\/wp\/v2\/users\/1"}],"replies":[{"embeddable":true,"href":"https:\/\/elinformanteperu.com\/index.php\/wp-json\/wp\/v2\/comments?post=84082"}],"version-history":[{"count":1,"href":"https:\/\/elinformanteperu.com\/index.php\/wp-json\/wp\/v2\/posts\/84082\/revisions"}],"predecessor-version":[{"id":84084,"href":"https:\/\/elinformanteperu.com\/index.php\/wp-json\/wp\/v2\/posts\/84082\/revisions\/84084"}],"wp:featuredmedia":[{"embeddable":true,"href":"https:\/\/elinformanteperu.com\/index.php\/wp-json\/wp\/v2\/media\/84083"}],"wp:attachment":[{"href":"https:\/\/elinformanteperu.com\/index.php\/wp-json\/wp\/v2\/media?parent=84082"}],"wp:term":[{"taxonomy":"category","embeddable":true,"href":"https:\/\/elinformanteperu.com\/index.php\/wp-json\/wp\/v2\/categories?post=84082"},{"taxonomy":"post_tag","embeddable":true,"href":"https:\/\/elinformanteperu.com\/index.php\/wp-json\/wp\/v2\/tags?post=84082"}],"curies":[{"name":"wp","href":"https:\/\/api.w.org\/{rel}","templated":true}]}}