{"id":84079,"date":"2020-10-11T13:36:23","date_gmt":"2020-10-11T18:36:23","guid":{"rendered":"https:\/\/elinformanteperu.com\/?p=84079"},"modified":"2020-10-11T13:36:23","modified_gmt":"2020-10-11T18:36:23","slug":"ana-y-municipio-de-lima-acuerdan-la-recuperacion-de-rios-chillon-rimac-y-lurin","status":"publish","type":"post","link":"https:\/\/elinformanteperu.com\/index.php\/2020\/10\/11\/ana-y-municipio-de-lima-acuerdan-la-recuperacion-de-rios-chillon-rimac-y-lurin\/","title":{"rendered":"ANA y municipio de Lima acuerdan la recuperaci\u00f3n de r\u00edos Chill\u00f3n, R\u00edmac y Lur\u00edn"},"content":{"rendered":"<p><strong><span style=\"color: #000000;\">Casi un tercio de la poblaci\u00f3n del pa\u00eds se abastece de agua potable gracias a estos r\u00edos<\/span><\/strong><\/p>\n<p><span style=\"color: #000000;\"><strong>Lima, 11 Octubre 2020, (ANDINA).-<\/strong> La Autoridad Nacional del Agua (ANA) firm\u00f3 un convenio de cooperaci\u00f3n interinstitucional con la Municipalidad Metropolitana de Lima, para promover la gesti\u00f3n integrada de los recursos h\u00eddricos (GIRH), estableciendo mecanismos y acciones conjuntas que permita la recuperaci\u00f3n de los r\u00edos Chill\u00f3n, R\u00edmac y Lur\u00edn.<\/span><\/p>\n<p><span style=\"color: #000000;\">Amarildo Fernandez, jefe de la ANA, inform\u00f3 que el acuerdo suscrito tiene una duraci\u00f3n de tres a\u00f1os y permite que ambas instituciones establezcan espacios de di\u00e1logo y coordinaci\u00f3n entre el sector p\u00fablico y privado.<\/span><\/p>\n<p><span style=\"color: #000000;\">Asimismo, se podr\u00e1n suscribir convenios espec\u00edficos y\/o planes de trabajo para el desarrollo de actividades y proyectos orientados a la conservaci\u00f3n y recuperaci\u00f3n de los r\u00edos en el \u00e1mbito de Lima Metropolitana.<\/span><\/p>\n<p><span style=\"color: #000000;\">Fern\u00e1ndez Estela, remarc\u00f3 la necesidad de un trabajo articulado con las municipalidades para la correcta fiscalizaci\u00f3n en las m\u00e1rgenes de los r\u00edos procurando mejorar la calidad del agua y sus bienes asociados.<\/span><\/p>\n<p><span style=\"color: #000000;\">Agreg\u00f3 que casi un tercio de la poblaci\u00f3n del pa\u00eds se abastece gracias a los r\u00edos Chill\u00f3n, R\u00edmac y Lur\u00edn y en especial de r\u00edo hablador, por lo que el convenio suscrito permitir\u00e1 la ejecuci\u00f3n conjunta de actividades educativas que generen en la poblaci\u00f3n la cultura del agua para el cuidado y preservaci\u00f3n de los r\u00edos.<\/span><\/p>\n<p><span style=\"color: #000000;\">Por su parte, el alcalde de Lima, Jorge Mu\u00f1oz, anunci\u00f3 que, mediante el Decreto de Alcald\u00eda N.\u00b0 15, publicado el 7 de octubre en el diario oficial El Peruano, la comuna lime\u00f1a institucionaliz\u00f3 la segunda semana del mes de octubre como la Semana de los R\u00edos Chill\u00f3n, R\u00edmac y Lur\u00edn.<\/span><\/p>\n<p><span style=\"color: #000000;\">\u201cQueremos que en octubre de cada a\u00f1o se recuerde la importancia de los r\u00edos que abastecen de agua nuestra ciudad; y ahora, con este convenio, asumimos el compromiso de fortalecer acciones y el trabajo en equipo en beneficio de los ciudadanos y de los que m\u00e1s necesitan este importante recurso\u201d, sostuvo Mu\u00f1oz.<\/span><\/p>\n<p><strong><span style=\"color: #000000;\">Dato<\/span><\/strong><\/p>\n<p><span style=\"color: #000000;\">La iniciativa de la actual gesti\u00f3n edil permitir\u00e1 promover campa\u00f1as y ferias de educaci\u00f3n ambiental en instituciones educativas y espacios p\u00fablicos. Tambi\u00e9n se promover\u00e1 el voluntariado en j\u00f3venes para realizar campa\u00f1as de limpieza en puntos cr\u00edticos de los r\u00edos.<\/span><\/p>\n","protected":false},"excerpt":{"rendered":"<p>Casi un tercio de la poblaci\u00f3n del pa\u00eds se abastece de agua potable gracias a estos r\u00edos Lima, 11 Octubre 2020, (ANDINA).- La Autoridad Nacional del Agua (ANA) firm\u00f3 un convenio de cooperaci\u00f3n interinstitucional con la Municipalidad Metropolitana de Lima, para promover la gesti\u00f3n integrada de los recursos h\u00eddricos (GIRH), estableciendo mecanismos y acciones conjuntas [&hellip;]<\/p>\n","protected":false},"author":1,"featured_media":84080,"comment_status":"open","ping_status":"open","sticky":false,"template":"","format":"standard","meta":{"rop_custom_images_group":[],"rop_custom_messages_group":[],"rop_publish_now":"initial","rop_publish_now_accounts":[],"rop_publish_now_history":[],"rop_publish_now_status":"pending","footnotes":""},"categories":[10],"tags":[755,754,122],"class_list":["post-84079","post","type-post","status-publish","format-standard","has-post-thumbnail","hentry","category-actualidad-municipal","tag-ana","tag-autoridad-nacional-del-agua","tag-municipalidad-de-lima"],"_links":{"self":[{"href":"https:\/\/elinformanteperu.com\/index.php\/wp-json\/wp\/v2\/posts\/84079","targetHints":{"allow":["GET"]}}],"collection":[{"href":"https:\/\/elinformanteperu.com\/index.php\/wp-json\/wp\/v2\/posts"}],"about":[{"href":"https:\/\/elinformanteperu.com\/index.php\/wp-json\/wp\/v2\/types\/post"}],"author":[{"embeddable":true,"href":"https:\/\/elinformanteperu.com\/index.php\/wp-json\/wp\/v2\/users\/1"}],"replies":[{"embeddable":true,"href":"https:\/\/elinformanteperu.com\/index.php\/wp-json\/wp\/v2\/comments?post=84079"}],"version-history":[{"count":1,"href":"https:\/\/elinformanteperu.com\/index.php\/wp-json\/wp\/v2\/posts\/84079\/revisions"}],"predecessor-version":[{"id":84081,"href":"https:\/\/elinformanteperu.com\/index.php\/wp-json\/wp\/v2\/posts\/84079\/revisions\/84081"}],"wp:featuredmedia":[{"embeddable":true,"href":"https:\/\/elinformanteperu.com\/index.php\/wp-json\/wp\/v2\/media\/84080"}],"wp:attachment":[{"href":"https:\/\/elinformanteperu.com\/index.php\/wp-json\/wp\/v2\/media?parent=84079"}],"wp:term":[{"taxonomy":"category","embeddable":true,"href":"https:\/\/elinformanteperu.com\/index.php\/wp-json\/wp\/v2\/categories?post=84079"},{"taxonomy":"post_tag","embeddable":true,"href":"https:\/\/elinformanteperu.com\/index.php\/wp-json\/wp\/v2\/tags?post=84079"}],"curies":[{"name":"wp","href":"https:\/\/api.w.org\/{rel}","templated":true}]}}