{"id":84007,"date":"2020-10-10T17:48:17","date_gmt":"2020-10-10T22:48:17","guid":{"rendered":"https:\/\/elinformanteperu.com\/?p=84007"},"modified":"2020-10-10T17:51:25","modified_gmt":"2020-10-10T22:51:25","slug":"fallece-director-de-sanidad-policial-julio-mercado-a-causa-del-covid-19","status":"publish","type":"post","link":"https:\/\/elinformanteperu.com\/index.php\/2020\/10\/10\/fallece-director-de-sanidad-policial-julio-mercado-a-causa-del-covid-19\/","title":{"rendered":"Fallece director de Sanidad policial, Julio Mercado, a causa del covid-19"},"content":{"rendered":"<p><strong><span style=\"color: #000000;\">Estuvo internado en una cl\u00ednica local durante varios d\u00edas donde luch\u00f3 contra la infecci\u00f3n<\/span><\/strong><\/p>\n<p><span style=\"color: #000000;\"><strong>Lima, 10 Octubre 2020, (ANDINA).-<\/strong> El general PNP Julio Mercado, director de Sanidad de la Polic\u00eda Nacional del Per\u00fa PNP, falleci\u00f3 hoy a causa del nuevo coronavirus.<\/span><\/p>\n<p><span style=\"color: #000000;\">De acuerdo con un comunicado de la instituci\u00f3n, el general se encontraba internado en la Cl\u00ednica San Pablo, desde donde luch\u00f3 in\u00fatilmente contra la infecci\u00f3n.<\/span><\/p>\n<p><span style=\"color: #000000;\">La corporaci\u00f3n de Oficiales y Suboficiales de la Polic\u00eda Nacional del Per\u00fa hizo llegar sus m\u00e1s sensibles condolencias a sus familiares y deudos, pidiendo se le brinde los honores correspondientes a tan distinguido oficial.<\/span><\/p>\n<p><span style=\"color: #000000;\">En un tweet fijado en las redes sociales del Ministerio del Interior se lament\u00f3 profundamente su deceso.<\/span><\/p>\n<p><span style=\"color: #000000;\">\u201cSu partida deja una profundo vac\u00edo en la instituci\u00f3n. Honor y gloria a un oficial nombre y de gran vocaci\u00f3n de servicio\u201d, se pudo leer en dicha comunicaci\u00f3n.<\/span><\/p>\n<blockquote class=\"twitter-tweet\">\n<p dir=\"ltr\" lang=\"es\"><a href=\"https:\/\/twitter.com\/hashtag\/PNPInforma?src=hash&amp;ref_src=twsrc%5Etfw\">#PNPInforma<\/a> \ud83d\udce2 | Comunicamos el sensible fallecimiento del se\u00f1or general PNP Julio Alejandro Mercado Castillo, Director de Sanidad de la <a href=\"https:\/\/twitter.com\/PoliciaPeru?ref_src=twsrc%5Etfw\">@PoliciaPeru<\/a>. <a href=\"https:\/\/t.co\/90ErVqcktm\">pic.twitter.com\/90ErVqcktm<\/a><\/p>\n<p>\u2014 Polic\u00eda Nacional del Per\u00fa (@PoliciaPeru) <a href=\"https:\/\/twitter.com\/PoliciaPeru\/status\/1314988021498998789?ref_src=twsrc%5Etfw\">October 10, 2020<\/a><\/p><\/blockquote>\n<p><script async src=\"https:\/\/platform.twitter.com\/widgets.js\" charset=\"utf-8\"><\/script><\/p>\n","protected":false},"excerpt":{"rendered":"<p>Estuvo internado en una cl\u00ednica local durante varios d\u00edas donde luch\u00f3 contra la infecci\u00f3n Lima, 10 Octubre 2020, (ANDINA).- El general PNP Julio Mercado, director de Sanidad de la Polic\u00eda Nacional del Per\u00fa PNP, falleci\u00f3 hoy a causa del nuevo coronavirus. De acuerdo con un comunicado de la instituci\u00f3n, el general se encontraba internado en [&hellip;]<\/p>\n","protected":false},"author":1,"featured_media":84009,"comment_status":"open","ping_status":"open","sticky":false,"template":"","format":"standard","meta":{"rop_custom_images_group":[],"rop_custom_messages_group":[],"rop_publish_now":"initial","rop_publish_now_accounts":[],"rop_publish_now_history":[],"rop_publish_now_status":"pending","footnotes":""},"categories":[10],"tags":[],"class_list":["post-84007","post","type-post","status-publish","format-standard","has-post-thumbnail","hentry","category-actualidad-municipal"],"_links":{"self":[{"href":"https:\/\/elinformanteperu.com\/index.php\/wp-json\/wp\/v2\/posts\/84007","targetHints":{"allow":["GET"]}}],"collection":[{"href":"https:\/\/elinformanteperu.com\/index.php\/wp-json\/wp\/v2\/posts"}],"about":[{"href":"https:\/\/elinformanteperu.com\/index.php\/wp-json\/wp\/v2\/types\/post"}],"author":[{"embeddable":true,"href":"https:\/\/elinformanteperu.com\/index.php\/wp-json\/wp\/v2\/users\/1"}],"replies":[{"embeddable":true,"href":"https:\/\/elinformanteperu.com\/index.php\/wp-json\/wp\/v2\/comments?post=84007"}],"version-history":[{"count":1,"href":"https:\/\/elinformanteperu.com\/index.php\/wp-json\/wp\/v2\/posts\/84007\/revisions"}],"predecessor-version":[{"id":84008,"href":"https:\/\/elinformanteperu.com\/index.php\/wp-json\/wp\/v2\/posts\/84007\/revisions\/84008"}],"wp:featuredmedia":[{"embeddable":true,"href":"https:\/\/elinformanteperu.com\/index.php\/wp-json\/wp\/v2\/media\/84009"}],"wp:attachment":[{"href":"https:\/\/elinformanteperu.com\/index.php\/wp-json\/wp\/v2\/media?parent=84007"}],"wp:term":[{"taxonomy":"category","embeddable":true,"href":"https:\/\/elinformanteperu.com\/index.php\/wp-json\/wp\/v2\/categories?post=84007"},{"taxonomy":"post_tag","embeddable":true,"href":"https:\/\/elinformanteperu.com\/index.php\/wp-json\/wp\/v2\/tags?post=84007"}],"curies":[{"name":"wp","href":"https:\/\/api.w.org\/{rel}","templated":true}]}}