{"id":83645,"date":"2020-10-06T23:27:29","date_gmt":"2020-10-07T04:27:29","guid":{"rendered":"https:\/\/elinformanteperu.com\/?p=83645"},"modified":"2020-10-06T23:27:29","modified_gmt":"2020-10-07T04:27:29","slug":"reconocimiento-de-odebrecht-en-nuevos-casos-aumentara-monto-de-reparacion","status":"publish","type":"post","link":"https:\/\/elinformanteperu.com\/index.php\/2020\/10\/06\/reconocimiento-de-odebrecht-en-nuevos-casos-aumentara-monto-de-reparacion\/","title":{"rendered":"Reconocimiento de Odebrecht en nuevos casos aumentar\u00e1 monto de reparaci\u00f3n"},"content":{"rendered":"<p><strong><span style=\"color: #000000;\">Afirma procuradora Silvana Carri\u00f3n<\/span><\/strong><\/p>\n<p><span style=\"color: #000000;\"><strong>Lima, 06 Octubre 2020, (ANDINA).-<\/strong> La procuradora ad hoc del caso Lava Jato, Silvana Carri\u00f3n, se\u00f1al\u00f3 que la empresa brasile\u00f1a Odebrecht ha reconocido culpabilidad en otros proyectos, adem\u00e1s de los que se encuentran comprendidos en el acuerdo de colaboraci\u00f3n eficaz, y dijo que ello permitir\u00e1 que aumenten los montos de reparaci\u00f3n civil a favor del Estado.<\/span><\/p>\n<p><span style=\"color: #000000;\">\u201cCon relaci\u00f3n a los nuevos hechos, efectivamente hay temas o proyectos que la empresa ha venido reconociendo en el marco de la colaboraci\u00f3n y entregando informaci\u00f3n, sin duda habr\u00e1 un c\u00e1lculo adicional de reparaci\u00f3n civil\u201d, declar\u00f3 en Canal N.<\/span><\/p>\n<p><span style=\"color: #000000;\">Carri\u00f3n destac\u00f3 la reciente firma del contrato de un fideicomiso de garant\u00eda que busca asegurar la reparaci\u00f3n civil que Odebrecht pagar\u00e1 como parte del acuerdo de colaboraci\u00f3n eficaz, suscrito entre la compa\u00f1\u00eda, el Ministerio P\u00fablico y la procuradur\u00eda ad hoc para el caso Lava Jato.<\/span><\/p>\n<p><span style=\"color: #000000;\">Indic\u00f3 que a trav\u00e9s de ese fideicomiso se asegurar\u00e1n las cuotas futuras pactadas en el acuerdo con la justicia peruana, cuya suma total aproximada a la fecha es de 650 millones de soles, incluyendo intereses legales.<\/span><\/p>\n<p><span style=\"color: #000000;\">Refiri\u00f3 que se trata de un mecanismo innovador que se aplica por primera vez en Am\u00e9rica Latina, y busca asegurar el pago de la reparaci\u00f3n civil por parte de Odebrecht.<\/span><\/p>\n<p><span style=\"color: #000000;\">\u201cEs el primero como mecanismo de aseguramiento para la reparaci\u00f3n civil, no solo en Per\u00fa, sino a nivel de la regi\u00f3n. Per\u00fa est\u00e1 siendo innovador en ese tipo de aseguramiento\u201d, asever\u00f3.<\/span><\/p>\n<p><span style=\"color: #000000;\">Manifest\u00f3 que en caso que aumenten los montos de reparaci\u00f3n civil a favor del Estado, se pueden incluir en el mencionado contrato de fideicomiso, a trav\u00e9s de una adenda.<\/span><\/p>\n","protected":false},"excerpt":{"rendered":"<p>Afirma procuradora Silvana Carri\u00f3n Lima, 06 Octubre 2020, (ANDINA).- La procuradora ad hoc del caso Lava Jato, Silvana Carri\u00f3n, se\u00f1al\u00f3 que la empresa brasile\u00f1a Odebrecht ha reconocido culpabilidad en otros proyectos, adem\u00e1s de los que se encuentran comprendidos en el acuerdo de colaboraci\u00f3n eficaz, y dijo que ello permitir\u00e1 que aumenten los montos de reparaci\u00f3n [&hellip;]<\/p>\n","protected":false},"author":1,"featured_media":82786,"comment_status":"open","ping_status":"open","sticky":false,"template":"","format":"standard","meta":{"rop_custom_images_group":[],"rop_custom_messages_group":[],"rop_publish_now":"initial","rop_publish_now_accounts":[],"rop_publish_now_history":[],"rop_publish_now_status":"pending","footnotes":""},"categories":[5],"tags":[619,4738],"class_list":["post-83645","post","type-post","status-publish","format-standard","has-post-thumbnail","hentry","category-actualidad-informativa","tag-odebrecht","tag-silvana-carrion"],"_links":{"self":[{"href":"https:\/\/elinformanteperu.com\/index.php\/wp-json\/wp\/v2\/posts\/83645","targetHints":{"allow":["GET"]}}],"collection":[{"href":"https:\/\/elinformanteperu.com\/index.php\/wp-json\/wp\/v2\/posts"}],"about":[{"href":"https:\/\/elinformanteperu.com\/index.php\/wp-json\/wp\/v2\/types\/post"}],"author":[{"embeddable":true,"href":"https:\/\/elinformanteperu.com\/index.php\/wp-json\/wp\/v2\/users\/1"}],"replies":[{"embeddable":true,"href":"https:\/\/elinformanteperu.com\/index.php\/wp-json\/wp\/v2\/comments?post=83645"}],"version-history":[{"count":1,"href":"https:\/\/elinformanteperu.com\/index.php\/wp-json\/wp\/v2\/posts\/83645\/revisions"}],"predecessor-version":[{"id":83646,"href":"https:\/\/elinformanteperu.com\/index.php\/wp-json\/wp\/v2\/posts\/83645\/revisions\/83646"}],"wp:featuredmedia":[{"embeddable":true,"href":"https:\/\/elinformanteperu.com\/index.php\/wp-json\/wp\/v2\/media\/82786"}],"wp:attachment":[{"href":"https:\/\/elinformanteperu.com\/index.php\/wp-json\/wp\/v2\/media?parent=83645"}],"wp:term":[{"taxonomy":"category","embeddable":true,"href":"https:\/\/elinformanteperu.com\/index.php\/wp-json\/wp\/v2\/categories?post=83645"},{"taxonomy":"post_tag","embeddable":true,"href":"https:\/\/elinformanteperu.com\/index.php\/wp-json\/wp\/v2\/tags?post=83645"}],"curies":[{"name":"wp","href":"https:\/\/api.w.org\/{rel}","templated":true}]}}